{"id":53451,"date":"2019-05-27T09:25:58","date_gmt":"2019-05-27T12:25:58","guid":{"rendered":"https:\/\/eldiariodesanpedro.com.ar\/sitio\/?p=53451"},"modified":"2019-05-27T09:26:08","modified_gmt":"2019-05-27T12:26:08","slug":"campana-le-atravesaron-la-nariz-de-un-disparo-en-un-confuso-hecho","status":"publish","type":"post","link":"https:\/\/eldiariodesanpedro.com.ar\/sitio\/campana-le-atravesaron-la-nariz-de-un-disparo-en-un-confuso-hecho\/","title":{"rendered":"CAMPANA: Le atravesaron la nariz de un disparo en un confuso hecho"},"content":{"rendered":"<!-- VideographyWP Plugin Message: Automatic video embedding prevented by plugin options. -->\n\n<p>Noticias Z\u00e1rate Alerta &#8211; Ocurri\u00f3 en horas de la madrugada, en una vivienda de Campana. El herido fue hospitalizado. Tres personas que estaban junto a \u00e9l, se dieron a la fuga, pero fueron capturadas por la Polic\u00eda. Se inici\u00f3 una investigaci\u00f3n bajo el r\u00f3tulo de \u201clesiones graves\u201d, que luego deriv\u00f3 en una \u00abtentativa de homicidio\u00bb.<\/p>\n\n\n\n<p>El hecho tuvo lugar en una vivienda de Chiclana casi esquina Alberdi, pasadas las cinco de la ma\u00f1ana. Una mujer dio aviso al 911, reportando que su hijo, Mariano Lencina de 32 a\u00f1os, hab\u00eda recibido un impacto de bala en el rostro.<\/p>\n\n\n\n<p>Una ambulancia del Same lo traslad\u00f3 al Hospital San Jos\u00e9. Seg\u00fan la denunciante, tres personas (dos hombres y una mujer) llegaron hasta el lugar. Al parecer, los reconoci\u00f3 debido a que manten\u00edan un conflicto. Uno de los j\u00f3venes sac\u00f3 un arm\u00e1 y le dispar\u00f3 a su hijo, para luego retirarse de la vivienda.&nbsp;<\/p>\n\n\n\n<p>Sin embargo, mientras Lencina era derivado al Hospital, la Polic\u00eda sali\u00f3 en busca de sus acompa\u00f1antes. En la zona de Ruta 6 y calle Uruguay (San Felipe), fue identificado un sujeto de 28 a\u00f1os, quien ser\u00eda uno de los involucrados. Ante la interrogatoria policial, se resisti\u00f3 e intent\u00f3 agredir a los efectivos, hasta ser reducido.<\/p>\n\n\n\n<p>La pareja restante (20 y 22 a\u00f1os) no se hab\u00eda ido tan lejos. Al ser vista en las inmediaciones de Jean Jaures y Chiclana, tambi\u00e9n fue interceptada por la polic\u00eda. Los tres, fueron trasladados a la Comisar\u00eda.<\/p>\n\n\n\n<p>Tras la intervenci\u00f3n de la UFI N\u00b0 2 a cargo del Dr. Ferreiros, se dispuso la intervenci\u00f3n de la Polic\u00eda Cient\u00edfica, para reunir informaci\u00f3n en el lugar del hecho, al tiempo que vecinos fueron entrevistados por el personal policial en busca de testigos, y as\u00ed poder esclarecer lo sucedido.<\/p>\n\n\n\n<p>Conocidos algunos detalles del hecho, se dispuso una orden de allanamiento en el domicilio de la joven involucrada, donde pudo hallarse el arma utilizada en el ataque.<\/p>\n\n\n\n<p>Completadas las actuaciones, dos de los tres imputados (la pareja) fueron liberados. El restante, quien ser\u00eda el autor material del hecho, permanece detenido.<\/p>\n\n\n\n<p><strong>Fuente:&nbsp;<\/strong>Noticias Z\u00e1rate Alerta&nbsp;<\/p>\n","protected":false},"excerpt":{"rendered":"<p>Noticias Z\u00e1rate Alerta &#8211; Ocurri\u00f3 en horas de la madrugada, en una vivienda de Campana. El herido fue hospitalizado. Tres personas que estaban junto a \u00e9l, se dieron a la fuga, pero fueron capturadas por la Polic\u00eda. Se inici\u00f3 una investigaci\u00f3n bajo el r\u00f3tulo de \u201clesiones graves\u201d, que luego deriv\u00f3 en una \u00abtentativa de homicidio\u00bb. [&hellip;]<\/p>\n","protected":false},"author":4,"featured_media":53455,"comment_status":"open","ping_status":"closed","sticky":false,"template":"","format":"standard","meta":{"om_disable_all_campaigns":false,"_jetpack_memberships_contains_paid_content":false,"footnotes":""},"categories":[621],"tags":[],"class_list":["post-53451","post","type-post","status-publish","format-standard","has-post-thumbnail","hentry","category-regionales"],"aioseo_notices":[],"gutentor_comment":0,"jetpack_featured_media_url":"https:\/\/eldiariodesanpedro.com.ar\/sitio\/wp-content\/uploads\/2019\/05\/arma_1.jpeg","jetpack_shortlink":"https:\/\/wp.me\/p6RhLt-dU7","jetpack_sharing_enabled":true,"_links":{"self":[{"href":"https:\/\/eldiariodesanpedro.com.ar\/sitio\/wp-json\/wp\/v2\/posts\/53451","targetHints":{"allow":["GET"]}}],"collection":[{"href":"https:\/\/eldiariodesanpedro.com.ar\/sitio\/wp-json\/wp\/v2\/posts"}],"about":[{"href":"https:\/\/eldiariodesanpedro.com.ar\/sitio\/wp-json\/wp\/v2\/types\/post"}],"author":[{"embeddable":true,"href":"https:\/\/eldiariodesanpedro.com.ar\/sitio\/wp-json\/wp\/v2\/users\/4"}],"replies":[{"embeddable":true,"href":"https:\/\/eldiariodesanpedro.com.ar\/sitio\/wp-json\/wp\/v2\/comments?post=53451"}],"version-history":[{"count":1,"href":"https:\/\/eldiariodesanpedro.com.ar\/sitio\/wp-json\/wp\/v2\/posts\/53451\/revisions"}],"predecessor-version":[{"id":53456,"href":"https:\/\/eldiariodesanpedro.com.ar\/sitio\/wp-json\/wp\/v2\/posts\/53451\/revisions\/53456"}],"wp:featuredmedia":[{"embeddable":true,"href":"https:\/\/eldiariodesanpedro.com.ar\/sitio\/wp-json\/wp\/v2\/media\/53455"}],"wp:attachment":[{"href":"https:\/\/eldiariodesanpedro.com.ar\/sitio\/wp-json\/wp\/v2\/media?parent=53451"}],"wp:term":[{"taxonomy":"category","embeddable":true,"href":"https:\/\/eldiariodesanpedro.com.ar\/sitio\/wp-json\/wp\/v2\/categories?post=53451"},{"taxonomy":"post_tag","embeddable":true,"href":"https:\/\/eldiariodesanpedro.com.ar\/sitio\/wp-json\/wp\/v2\/tags?post=53451"}],"curies":[{"name":"wp","href":"https:\/\/api.w.org\/{rel}","templated":true}]}}