{"id":53447,"date":"2019-05-27T09:23:55","date_gmt":"2019-05-27T12:23:55","guid":{"rendered":"https:\/\/eldiariodesanpedro.com.ar\/sitio\/?p=53447"},"modified":"2019-05-27T09:24:05","modified_gmt":"2019-05-27T12:24:05","slug":"san-nicolas-robaron-una-camioneta-y-la-encontraron-incendiada","status":"publish","type":"post","link":"https:\/\/eldiariodesanpedro.com.ar\/sitio\/san-nicolas-robaron-una-camioneta-y-la-encontraron-incendiada\/","title":{"rendered":"SAN NICOL\u00c1S: Robaron una camioneta y la encontraron incendiada"},"content":{"rendered":"<!-- VideographyWP Plugin Message: Automatic video embedding prevented by plugin options. -->\n\n<p>\n\nUn hombre denunci\u00f3 que le hab\u00edan robado una camioneta Peugeot Parner que hab\u00eda guardado en el garaje de su casa. En la madrugada de este domingo fue encontrada incendiada en Juncal y Ameghino.<\/p>\n\n\n\n<p>En el marco del operativo nocturnidad realizado en Juncal y Ameghino, personal policial encontr\u00f3 una camioneta que se estaba incendiando. Una dotaci\u00f3n de bomberos estuvo trabajando en el lugar para sofocar las llamas y una vez concluida la tarea se constat\u00f3 que se trataba del veh\u00edculo que hab\u00eda sido sustra\u00eddo&nbsp;horas antes del garaje de una vivienda.<\/p>\n\n\n\n<p>El damnificado hab\u00eda denunciado que el viernes pasado a las 21 horas hab\u00eda dejado su camioneta, una Peugeot Parner roja dominio AA729AP, guardada en el garaje de su domicilio de calle Rondeau y que durante el d\u00eda siguiente se mantuvo guardada.&nbsp;<\/p>\n\n\n\n<p>Pasada la medianoche del s\u00e1bado, a las 00:15 horas, constat\u00f3 que autores ignorados hab\u00edan sustra\u00eddo el veh\u00edculo sin forzar el port\u00f3n de garaje. La camioneta se encontraba con las llaves colocadas y con toda la documentaci\u00f3n en el interior. <\/p>\n\n\n\n<p>Fuente: Diario El Informante<\/p>\n","protected":false},"excerpt":{"rendered":"<p>Un hombre denunci\u00f3 que le hab\u00edan robado una camioneta Peugeot Parner que hab\u00eda guardado en el garaje de su casa. En la madrugada de este domingo fue encontrada incendiada en Juncal y Ameghino. En el marco del operativo nocturnidad realizado en Juncal y Ameghino, personal policial encontr\u00f3 una camioneta que se estaba incendiando. Una dotaci\u00f3n [&hellip;]<\/p>\n","protected":false},"author":4,"featured_media":53449,"comment_status":"open","ping_status":"closed","sticky":false,"template":"","format":"standard","meta":{"om_disable_all_campaigns":false,"_jetpack_memberships_contains_paid_content":false,"footnotes":""},"categories":[621],"tags":[],"class_list":["post-53447","post","type-post","status-publish","format-standard","has-post-thumbnail","hentry","category-regionales"],"aioseo_notices":[],"gutentor_comment":0,"jetpack_featured_media_url":"https:\/\/eldiariodesanpedro.com.ar\/sitio\/wp-content\/uploads\/2019\/05\/conmarca20256.jpg","jetpack_shortlink":"https:\/\/wp.me\/p6RhLt-dU3","jetpack_sharing_enabled":true,"_links":{"self":[{"href":"https:\/\/eldiariodesanpedro.com.ar\/sitio\/wp-json\/wp\/v2\/posts\/53447","targetHints":{"allow":["GET"]}}],"collection":[{"href":"https:\/\/eldiariodesanpedro.com.ar\/sitio\/wp-json\/wp\/v2\/posts"}],"about":[{"href":"https:\/\/eldiariodesanpedro.com.ar\/sitio\/wp-json\/wp\/v2\/types\/post"}],"author":[{"embeddable":true,"href":"https:\/\/eldiariodesanpedro.com.ar\/sitio\/wp-json\/wp\/v2\/users\/4"}],"replies":[{"embeddable":true,"href":"https:\/\/eldiariodesanpedro.com.ar\/sitio\/wp-json\/wp\/v2\/comments?post=53447"}],"version-history":[{"count":1,"href":"https:\/\/eldiariodesanpedro.com.ar\/sitio\/wp-json\/wp\/v2\/posts\/53447\/revisions"}],"predecessor-version":[{"id":53450,"href":"https:\/\/eldiariodesanpedro.com.ar\/sitio\/wp-json\/wp\/v2\/posts\/53447\/revisions\/53450"}],"wp:featuredmedia":[{"embeddable":true,"href":"https:\/\/eldiariodesanpedro.com.ar\/sitio\/wp-json\/wp\/v2\/media\/53449"}],"wp:attachment":[{"href":"https:\/\/eldiariodesanpedro.com.ar\/sitio\/wp-json\/wp\/v2\/media?parent=53447"}],"wp:term":[{"taxonomy":"category","embeddable":true,"href":"https:\/\/eldiariodesanpedro.com.ar\/sitio\/wp-json\/wp\/v2\/categories?post=53447"},{"taxonomy":"post_tag","embeddable":true,"href":"https:\/\/eldiariodesanpedro.com.ar\/sitio\/wp-json\/wp\/v2\/tags?post=53447"}],"curies":[{"name":"wp","href":"https:\/\/api.w.org\/{rel}","templated":true}]}}