{"id":53434,"date":"2019-05-26T17:25:15","date_gmt":"2019-05-26T20:25:15","guid":{"rendered":"https:\/\/eldiariodesanpedro.com.ar\/sitio\/?p=53434"},"modified":"2019-05-26T17:25:29","modified_gmt":"2019-05-26T20:25:29","slug":"murdock-esquivel-fue-seleccionado-por-el-reality-que-vuelvan-los-potreros","status":"publish","type":"post","link":"https:\/\/eldiariodesanpedro.com.ar\/sitio\/murdock-esquivel-fue-seleccionado-por-el-reality-que-vuelvan-los-potreros\/","title":{"rendered":"\u201cMurdock\u201d Esquivel fue seleccionado por el reality Que Vuelvan los Potreros"},"content":{"rendered":"<!-- VideographyWP Plugin Message: Automatic video embedding prevented by plugin options. -->\n\n<p>El jugador de Independencia F\u00fatbol Club intervendr\u00e1 en la final latinoamericana a desarrollarse a fin de a\u00f1o. El actor Roly Serrano particip\u00f3 de la grabaci\u00f3n. <\/p>\n\n\n\n<p>urante la ma\u00f1ana y parte de la tarde del s\u00e1bado la producci\u00f3n del reality Que Vuelvan los Potreros grab\u00f3 un cap\u00edtulo en nuestra ciudad. El programa se emite por Fox Sport y recorre distintos lugares del pa\u00eds en busca de las estrellas del potrero desarroll\u00f3 distintas actividades que incluy\u00f3 la participaci\u00f3n del reconocido actor Roly Serrano, una de los \u201cmalos\u201d de la exitosa serie \u201cEl Marginal\u201d.<\/p>\n\n\n\n<p>La grabaci\u00f3n se llev\u00f3 a cabo en el play\u00f3n perteneciente al Merendero de Raquel, donde un grupo de j\u00f3venes participaron del f\u00fatbol de potrero.<\/p>\n\n\n\n<p>El Intendente Municipal Cecilio Salazar y el Director de Deportes Ramiro S\u00e1nchez Negrete estuvieron en el lugar acompa\u00f1ando los trabajos que la productora realiz\u00f3 aprovechando la presencia de Serrano para saludarlo en su paso por la ciudad.<\/p>\n\n\n\n<p>El jugador de Independencia FC Agust\u00edn \u201cMurdock\u201d Esquivel fue seleccionado por la producci\u00f3n para integrar la selecci\u00f3n de potreros que a fin de a\u00f1o participar\u00e1 del certamen que cerrar\u00e1 la temporada. &nbsp;&nbsp;<\/p>\n\n\n\n<p>El programa homenajea a los viejos y queridos bald\u00edos. En una primera etapa el ciclo pone su foco en los potreros argentinos, resaltando esos espacios en donde a\u00fan se conserva la esencia del deporte m\u00e1s popular del mundo.<\/p>\n\n\n\n<p>En cada potrero, el conductor Cecilio Flematti, elige al futbolista que se haya destacado para sumarlo a la selecci\u00f3n Argentina de Potreros. En una segunda instancia, el programa ir\u00e1 en busca de las selecciones de Potreros de los distintos pa\u00edses del continente, y todo culminar\u00e1 con un certamen latinoamericano a desarrollarse a fin de a\u00f1o en la Argentina.<\/p>\n\n\n\n<p>Fuente: San Pedro Informa<\/p>\n","protected":false},"excerpt":{"rendered":"<p>El jugador de Independencia F\u00fatbol Club intervendr\u00e1 en la final latinoamericana a desarrollarse a fin de a\u00f1o. El actor Roly Serrano particip\u00f3 de la grabaci\u00f3n. urante la ma\u00f1ana y parte de la tarde del s\u00e1bado la producci\u00f3n del reality Que Vuelvan los Potreros grab\u00f3 un cap\u00edtulo en nuestra ciudad. El programa se emite por Fox [&hellip;]<\/p>\n","protected":false},"author":4,"featured_media":53436,"comment_status":"open","ping_status":"closed","sticky":false,"template":"","format":"standard","meta":{"om_disable_all_campaigns":false,"_jetpack_memberships_contains_paid_content":false,"footnotes":""},"categories":[101,2],"tags":[],"class_list":["post-53434","post","type-post","status-publish","format-standard","has-post-thumbnail","hentry","category-interes-general-locales","category-locales"],"aioseo_notices":[],"gutentor_comment":0,"jetpack_featured_media_url":"https:\/\/eldiariodesanpedro.com.ar\/sitio\/wp-content\/uploads\/2019\/05\/000077394.jpeg","jetpack_shortlink":"https:\/\/wp.me\/p6RhLt-dTQ","jetpack_sharing_enabled":true,"_links":{"self":[{"href":"https:\/\/eldiariodesanpedro.com.ar\/sitio\/wp-json\/wp\/v2\/posts\/53434","targetHints":{"allow":["GET"]}}],"collection":[{"href":"https:\/\/eldiariodesanpedro.com.ar\/sitio\/wp-json\/wp\/v2\/posts"}],"about":[{"href":"https:\/\/eldiariodesanpedro.com.ar\/sitio\/wp-json\/wp\/v2\/types\/post"}],"author":[{"embeddable":true,"href":"https:\/\/eldiariodesanpedro.com.ar\/sitio\/wp-json\/wp\/v2\/users\/4"}],"replies":[{"embeddable":true,"href":"https:\/\/eldiariodesanpedro.com.ar\/sitio\/wp-json\/wp\/v2\/comments?post=53434"}],"version-history":[{"count":1,"href":"https:\/\/eldiariodesanpedro.com.ar\/sitio\/wp-json\/wp\/v2\/posts\/53434\/revisions"}],"predecessor-version":[{"id":53435,"href":"https:\/\/eldiariodesanpedro.com.ar\/sitio\/wp-json\/wp\/v2\/posts\/53434\/revisions\/53435"}],"wp:featuredmedia":[{"embeddable":true,"href":"https:\/\/eldiariodesanpedro.com.ar\/sitio\/wp-json\/wp\/v2\/media\/53436"}],"wp:attachment":[{"href":"https:\/\/eldiariodesanpedro.com.ar\/sitio\/wp-json\/wp\/v2\/media?parent=53434"}],"wp:term":[{"taxonomy":"category","embeddable":true,"href":"https:\/\/eldiariodesanpedro.com.ar\/sitio\/wp-json\/wp\/v2\/categories?post=53434"},{"taxonomy":"post_tag","embeddable":true,"href":"https:\/\/eldiariodesanpedro.com.ar\/sitio\/wp-json\/wp\/v2\/tags?post=53434"}],"curies":[{"name":"wp","href":"https:\/\/api.w.org\/{rel}","templated":true}]}}