{"id":53432,"date":"2019-05-26T17:22:50","date_gmt":"2019-05-26T20:22:50","guid":{"rendered":"https:\/\/eldiariodesanpedro.com.ar\/sitio\/?p=53432"},"modified":"2019-05-26T17:22:56","modified_gmt":"2019-05-26T20:22:56","slug":"clausura-del-local-bailable","status":"publish","type":"post","link":"https:\/\/eldiariodesanpedro.com.ar\/sitio\/clausura-del-local-bailable\/","title":{"rendered":"Clausura del local bailable"},"content":{"rendered":"<!-- VideographyWP Plugin Message: Automatic video embedding prevented by plugin options. -->\n\n<p>El personal del Gabinete Criminol\u00f3gico en operativo de nocturnidad implementado por la superioridad procede a control y clausura de local bailable raz\u00f3n social LOW ubicado en calle Pellegrini 467,\u00a0por infringir lo normado en la Ley 14.050 art\u00edculo Nro. 9, (admisi\u00f3n de menores en concurrencia con mayores de edad), Intervenci\u00f3n Juzgado de Paz letrado San Pedro. <\/p>\n","protected":false},"excerpt":{"rendered":"<p>El personal del Gabinete Criminol\u00f3gico en operativo de nocturnidad implementado por la superioridad procede a control y clausura de local bailable raz\u00f3n social LOW ubicado en calle Pellegrini 467,\u00a0por infringir lo normado en la Ley 14.050 art\u00edculo Nro. 9, (admisi\u00f3n de menores en concurrencia con mayores de edad), Intervenci\u00f3n Juzgado de Paz letrado San Pedro.<\/p>\n","protected":false},"author":4,"featured_media":5682,"comment_status":"open","ping_status":"closed","sticky":false,"template":"","format":"standard","meta":{"om_disable_all_campaigns":false,"_jetpack_memberships_contains_paid_content":false,"footnotes":""},"categories":[2,103],"tags":[],"class_list":["post-53432","post","type-post","status-publish","format-standard","has-post-thumbnail","hentry","category-locales","category-policiales-locales"],"aioseo_notices":[],"gutentor_comment":0,"jetpack_featured_media_url":"https:\/\/eldiariodesanpedro.com.ar\/sitio\/wp-content\/uploads\/2016\/07\/Clausurado.jpg","jetpack_shortlink":"https:\/\/wp.me\/p6RhLt-dTO","jetpack_sharing_enabled":true,"_links":{"self":[{"href":"https:\/\/eldiariodesanpedro.com.ar\/sitio\/wp-json\/wp\/v2\/posts\/53432","targetHints":{"allow":["GET"]}}],"collection":[{"href":"https:\/\/eldiariodesanpedro.com.ar\/sitio\/wp-json\/wp\/v2\/posts"}],"about":[{"href":"https:\/\/eldiariodesanpedro.com.ar\/sitio\/wp-json\/wp\/v2\/types\/post"}],"author":[{"embeddable":true,"href":"https:\/\/eldiariodesanpedro.com.ar\/sitio\/wp-json\/wp\/v2\/users\/4"}],"replies":[{"embeddable":true,"href":"https:\/\/eldiariodesanpedro.com.ar\/sitio\/wp-json\/wp\/v2\/comments?post=53432"}],"version-history":[{"count":1,"href":"https:\/\/eldiariodesanpedro.com.ar\/sitio\/wp-json\/wp\/v2\/posts\/53432\/revisions"}],"predecessor-version":[{"id":53433,"href":"https:\/\/eldiariodesanpedro.com.ar\/sitio\/wp-json\/wp\/v2\/posts\/53432\/revisions\/53433"}],"wp:featuredmedia":[{"embeddable":true,"href":"https:\/\/eldiariodesanpedro.com.ar\/sitio\/wp-json\/wp\/v2\/media\/5682"}],"wp:attachment":[{"href":"https:\/\/eldiariodesanpedro.com.ar\/sitio\/wp-json\/wp\/v2\/media?parent=53432"}],"wp:term":[{"taxonomy":"category","embeddable":true,"href":"https:\/\/eldiariodesanpedro.com.ar\/sitio\/wp-json\/wp\/v2\/categories?post=53432"},{"taxonomy":"post_tag","embeddable":true,"href":"https:\/\/eldiariodesanpedro.com.ar\/sitio\/wp-json\/wp\/v2\/tags?post=53432"}],"curies":[{"name":"wp","href":"https:\/\/api.w.org\/{rel}","templated":true}]}}