{"id":53430,"date":"2019-05-26T17:20:17","date_gmt":"2019-05-26T20:20:17","guid":{"rendered":"https:\/\/eldiariodesanpedro.com.ar\/sitio\/?p=53430"},"modified":"2019-05-26T17:20:24","modified_gmt":"2019-05-26T20:20:24","slug":"accidente-entre-una-motocicleta-y-un-automovil-7","status":"publish","type":"post","link":"https:\/\/eldiariodesanpedro.com.ar\/sitio\/accidente-entre-una-motocicleta-y-un-automovil-7\/","title":{"rendered":"Accidente entre una motocicleta y un autom\u00f3vil"},"content":{"rendered":"<!-- VideographyWP Plugin Message: Automatic video embedding prevented by plugin options. -->\n\n<p>Este s\u00e1bado alrededor de las 12:30 hs la polic\u00eda de nuestra ciudad toma conocimiento de colisi\u00f3n moto y auto en intersecci\u00f3n de calle Almafuerte y Berutti, donde el personal policial presente en el lugar a su llegada constata que solo se encuentra detenida su marcha autom\u00f3vil marca Fiat Duna, realizada averiguaciones se logra establecer que una mujer de 33 a\u00f1os conductora de la motocicleta marca Zanella 110 cc fue trasladada a nosocomio local por personal m\u00e9dico de emergencias, virtud haber sufrido alg\u00fan tipo de lesi\u00f3n en su pierna, y que al momento rodado que conduc\u00eda fue trasladado a un domicilio cercano de un allegado para su resguardo as\u00ed mismo el conductor autom\u00f3vil masculino 57 a\u00f1os result\u00f3 ileso.<\/p>\n","protected":false},"excerpt":{"rendered":"<p>Este s\u00e1bado alrededor de las 12:30 hs la polic\u00eda de nuestra ciudad toma conocimiento de colisi\u00f3n moto y auto en intersecci\u00f3n de calle Almafuerte y Berutti, donde el personal policial presente en el lugar a su llegada constata que solo se encuentra detenida su marcha autom\u00f3vil marca Fiat Duna, realizada averiguaciones se logra establecer que [&hellip;]<\/p>\n","protected":false},"author":4,"featured_media":23313,"comment_status":"open","ping_status":"closed","sticky":false,"template":"","format":"standard","meta":{"om_disable_all_campaigns":false,"_jetpack_memberships_contains_paid_content":false,"footnotes":""},"categories":[2,103],"tags":[],"class_list":["post-53430","post","type-post","status-publish","format-standard","has-post-thumbnail","hentry","category-locales","category-policiales-locales"],"aioseo_notices":[],"gutentor_comment":0,"jetpack_featured_media_url":"https:\/\/eldiariodesanpedro.com.ar\/sitio\/wp-content\/uploads\/2017\/09\/patrulla-nocturna.jpg","jetpack_shortlink":"https:\/\/wp.me\/p6RhLt-dTM","jetpack_sharing_enabled":true,"_links":{"self":[{"href":"https:\/\/eldiariodesanpedro.com.ar\/sitio\/wp-json\/wp\/v2\/posts\/53430","targetHints":{"allow":["GET"]}}],"collection":[{"href":"https:\/\/eldiariodesanpedro.com.ar\/sitio\/wp-json\/wp\/v2\/posts"}],"about":[{"href":"https:\/\/eldiariodesanpedro.com.ar\/sitio\/wp-json\/wp\/v2\/types\/post"}],"author":[{"embeddable":true,"href":"https:\/\/eldiariodesanpedro.com.ar\/sitio\/wp-json\/wp\/v2\/users\/4"}],"replies":[{"embeddable":true,"href":"https:\/\/eldiariodesanpedro.com.ar\/sitio\/wp-json\/wp\/v2\/comments?post=53430"}],"version-history":[{"count":1,"href":"https:\/\/eldiariodesanpedro.com.ar\/sitio\/wp-json\/wp\/v2\/posts\/53430\/revisions"}],"predecessor-version":[{"id":53431,"href":"https:\/\/eldiariodesanpedro.com.ar\/sitio\/wp-json\/wp\/v2\/posts\/53430\/revisions\/53431"}],"wp:featuredmedia":[{"embeddable":true,"href":"https:\/\/eldiariodesanpedro.com.ar\/sitio\/wp-json\/wp\/v2\/media\/23313"}],"wp:attachment":[{"href":"https:\/\/eldiariodesanpedro.com.ar\/sitio\/wp-json\/wp\/v2\/media?parent=53430"}],"wp:term":[{"taxonomy":"category","embeddable":true,"href":"https:\/\/eldiariodesanpedro.com.ar\/sitio\/wp-json\/wp\/v2\/categories?post=53430"},{"taxonomy":"post_tag","embeddable":true,"href":"https:\/\/eldiariodesanpedro.com.ar\/sitio\/wp-json\/wp\/v2\/tags?post=53430"}],"curies":[{"name":"wp","href":"https:\/\/api.w.org\/{rel}","templated":true}]}}