{"id":53428,"date":"2019-05-26T17:14:42","date_gmt":"2019-05-26T20:14:42","guid":{"rendered":"https:\/\/eldiariodesanpedro.com.ar\/sitio\/?p=53428"},"modified":"2019-05-26T17:20:52","modified_gmt":"2019-05-26T20:20:52","slug":"robo-en-una-vivienda","status":"publish","type":"post","link":"https:\/\/eldiariodesanpedro.com.ar\/sitio\/robo-en-una-vivienda\/","title":{"rendered":"Robo en una vivienda"},"content":{"rendered":"<!-- VideographyWP Plugin Message: Automatic video embedding prevented by plugin options. -->\n\n<p> Este sabado en horas de la ma\u00f1ana alrededor de las 11:15 horas se recibi\u00f3 la denuncia  en la comisaria local por parte de un ciudadano de 85 a\u00f1os quien declara que el pasado viernes se retira de su vivienda ubicada en calle Padre Santana al 1800 en horas de la tarde alrededor de las  17 hs quedando sin morador, para regresar siendo las 19 hs y constata autores ignorados habr\u00edan ingresado mediante violentar puerta de ingreso y sustraen del interior herramientas y una garrafa.<\/p>\n","protected":false},"excerpt":{"rendered":"<p>Este sabado en horas de la ma\u00f1ana alrededor de las 11:15 horas se recibi\u00f3 la denuncia en la comisaria local por parte de un ciudadano de 85 a\u00f1os quien declara que el pasado viernes se retira de su vivienda ubicada en calle Padre Santana al 1800 en horas de la tarde alrededor de las 17 [&hellip;]<\/p>\n","protected":false},"author":4,"featured_media":45394,"comment_status":"open","ping_status":"closed","sticky":false,"template":"","format":"standard","meta":{"om_disable_all_campaigns":false,"_jetpack_memberships_contains_paid_content":false,"footnotes":""},"categories":[2,103],"tags":[],"class_list":["post-53428","post","type-post","status-publish","format-standard","has-post-thumbnail","hentry","category-locales","category-policiales-locales"],"aioseo_notices":[],"gutentor_comment":0,"jetpack_featured_media_url":"https:\/\/eldiariodesanpedro.com.ar\/sitio\/wp-content\/uploads\/2019\/01\/comisaria.jpg","jetpack_shortlink":"https:\/\/wp.me\/p6RhLt-dTK","jetpack_sharing_enabled":true,"_links":{"self":[{"href":"https:\/\/eldiariodesanpedro.com.ar\/sitio\/wp-json\/wp\/v2\/posts\/53428","targetHints":{"allow":["GET"]}}],"collection":[{"href":"https:\/\/eldiariodesanpedro.com.ar\/sitio\/wp-json\/wp\/v2\/posts"}],"about":[{"href":"https:\/\/eldiariodesanpedro.com.ar\/sitio\/wp-json\/wp\/v2\/types\/post"}],"author":[{"embeddable":true,"href":"https:\/\/eldiariodesanpedro.com.ar\/sitio\/wp-json\/wp\/v2\/users\/4"}],"replies":[{"embeddable":true,"href":"https:\/\/eldiariodesanpedro.com.ar\/sitio\/wp-json\/wp\/v2\/comments?post=53428"}],"version-history":[{"count":1,"href":"https:\/\/eldiariodesanpedro.com.ar\/sitio\/wp-json\/wp\/v2\/posts\/53428\/revisions"}],"predecessor-version":[{"id":53429,"href":"https:\/\/eldiariodesanpedro.com.ar\/sitio\/wp-json\/wp\/v2\/posts\/53428\/revisions\/53429"}],"wp:featuredmedia":[{"embeddable":true,"href":"https:\/\/eldiariodesanpedro.com.ar\/sitio\/wp-json\/wp\/v2\/media\/45394"}],"wp:attachment":[{"href":"https:\/\/eldiariodesanpedro.com.ar\/sitio\/wp-json\/wp\/v2\/media?parent=53428"}],"wp:term":[{"taxonomy":"category","embeddable":true,"href":"https:\/\/eldiariodesanpedro.com.ar\/sitio\/wp-json\/wp\/v2\/categories?post=53428"},{"taxonomy":"post_tag","embeddable":true,"href":"https:\/\/eldiariodesanpedro.com.ar\/sitio\/wp-json\/wp\/v2\/tags?post=53428"}],"curies":[{"name":"wp","href":"https:\/\/api.w.org\/{rel}","templated":true}]}}