{"id":53426,"date":"2019-05-25T20:20:50","date_gmt":"2019-05-25T23:20:50","guid":{"rendered":"https:\/\/eldiariodesanpedro.com.ar\/sitio\/?p=53426"},"modified":"2019-05-25T20:21:01","modified_gmt":"2019-05-25T23:21:01","slug":"25-de-mayo-en-rio-tala","status":"publish","type":"post","link":"https:\/\/eldiariodesanpedro.com.ar\/sitio\/25-de-mayo-en-rio-tala\/","title":{"rendered":"25 de Mayo en R\u00edo Tala"},"content":{"rendered":"<!-- VideographyWP Plugin Message: Automatic video embedding prevented by plugin options. -->\n\n<p>En la plaza Juan Bautista Zucchi se desarrollaron las actividades para este d\u00eda patrio.<\/p>\n\n\n\n<p>En una localidad que luci\u00f3 ordenadamenre en celeste y blanco para una ma\u00f1ana muy especial, autoridades municipales, educativas e institucionales, estudiantes, representantes de Bomberos, Ex Combatientes, Fuerzas de Seguridad, centros tradicionalistas y vecinos se reunieron para el acto por los 209 a\u00f1os de la Revoluci\u00f3n de Mayo.<\/p>\n\n\n\n<p>Como desde hace varios a\u00f1os, el acto por el \u00abDia de la Patria\u00bb se realiz\u00f3 en R\u00edo Tala y tuvo, adem\u00e1s de los mensajes alusivos, m\u00fasica y desfile por la calle principal.<\/p>\n\n\n\n<p>La Inspectora de Educaci\u00f3n Secundaria Luc\u00eda Barbieri fue la primera en dirigir un mensaje y destac\u00f3 la valent\u00eda de los hombres de mayo y la importancia de seguir enalteciendo ese valor para enfrentar los momentos que hoy vivimos.<\/p>\n\n\n\n<p>El Intendente Salazar termin\u00f3 citando uno de los versos m\u00e1s famosos del Mart\u00edn Fierro para concluir su mensaje, que prefiri\u00f3 hacer un llamado a la unidad de los sampedrinos y a la b\u00fasqueda de una fortaleza compartida para entender que las constantes peleas y diferencias, nos alejan de la concreci\u00f3n de los objetivos que tenemos que seguir persiguiendo para las generaciones actuales y futuras.<\/p>\n\n\n\n<p>Keko Gonz\u00e1lez fue el encargado de musicalizar el acto, que tuvo un desfile de centros tradicionalistas, como cierre.<\/p>\n\n\n\n<p>En la delegaci\u00f3n municipal a cargo de Domingo Bronce,  se prepar\u00f3 con mucho entusiasmo para recibir este acto, se sirvi\u00f3 el chocolate tradicional para terminar el encuentro.<\/p>\n\n\n\n<p><br><\/p>\n\n\n\n<ul class=\"wp-block-gallery columns-3 is-cropped wp-block-gallery-1 is-layout-flex wp-block-gallery-is-layout-flex\"><li class=\"blocks-gallery-item\"><figure><img decoding=\"async\" width=\"1024\" height=\"674\" data-attachment-id=\"53424\" data-permalink=\"https:\/\/eldiariodesanpedro.com.ar\/sitio\/16-5\/\" data-orig-file=\"https:\/\/eldiariodesanpedro.com.ar\/sitio\/wp-content\/uploads\/2019\/05\/16.jpg\" data-orig-size=\"4584,3018\" data-comments-opened=\"1\" data-image-meta=\"{&quot;aperture&quot;:&quot;5&quot;,&quot;credit&quot;:&quot;&quot;,&quot;camera&quot;:&quot;Canon EOS 5D Mark III&quot;,&quot;caption&quot;:&quot;&quot;,&quot;created_timestamp&quot;:&quot;1566469854&quot;,&quot;copyright&quot;:&quot;&quot;,&quot;focal_length&quot;:&quot;105&quot;,&quot;iso&quot;:&quot;100&quot;,&quot;shutter_speed&quot;:&quot;0.005&quot;,&quot;title&quot;:&quot;&quot;,&quot;orientation&quot;:&quot;0&quot;}\" data-image-title=\"16\" data-image-description=\"\" data-image-caption=\"\" data-large-file=\"https:\/\/eldiariodesanpedro.com.ar\/sitio\/wp-content\/uploads\/2019\/05\/16-1024x674.jpg\" data-src=\"https:\/\/eldiariodesanpedro.com.ar\/sitio\/wp-content\/uploads\/2019\/05\/16-1024x674.jpg\" alt=\"\" data-id=\"53424\" data-link=\"https:\/\/eldiariodesanpedro.com.ar\/sitio\/16-5\/\" class=\"wp-image-53424 lazyload\" data-srcset=\"https:\/\/eldiariodesanpedro.com.ar\/sitio\/wp-content\/uploads\/2019\/05\/16-1024x674.jpg 1024w, https:\/\/eldiariodesanpedro.com.ar\/sitio\/wp-content\/uploads\/2019\/05\/16-300x198.jpg 300w, https:\/\/eldiariodesanpedro.com.ar\/sitio\/wp-content\/uploads\/2019\/05\/16-768x506.jpg 768w\" data-sizes=\"(max-width: 1024px) 100vw, 1024px\" src=\"data:image\/svg+xml;base64,PHN2ZyB3aWR0aD0iMSIgaGVpZ2h0PSIxIiB4bWxucz0iaHR0cDovL3d3dy53My5vcmcvMjAwMC9zdmciPjwvc3ZnPg==\" style=\"--smush-placeholder-width: 1024px; --smush-placeholder-aspect-ratio: 1024\/674;\" \/><\/figure><\/li><li class=\"blocks-gallery-item\"><figure><img decoding=\"async\" width=\"1024\" height=\"774\" data-attachment-id=\"53423\" data-permalink=\"https:\/\/eldiariodesanpedro.com.ar\/sitio\/1-92\/\" data-orig-file=\"https:\/\/eldiariodesanpedro.com.ar\/sitio\/wp-content\/uploads\/2019\/05\/1-1.jpg\" data-orig-size=\"5080,3840\" data-comments-opened=\"1\" data-image-meta=\"{&quot;aperture&quot;:&quot;13&quot;,&quot;credit&quot;:&quot;&quot;,&quot;camera&quot;:&quot;Canon EOS 5D Mark III&quot;,&quot;caption&quot;:&quot;&quot;,&quot;created_timestamp&quot;:&quot;1566469168&quot;,&quot;copyright&quot;:&quot;&quot;,&quot;focal_length&quot;:&quot;24&quot;,&quot;iso&quot;:&quot;400&quot;,&quot;shutter_speed&quot;:&quot;0.005&quot;,&quot;title&quot;:&quot;&quot;,&quot;orientation&quot;:&quot;0&quot;}\" data-image-title=\"1\" data-image-description=\"\" data-image-caption=\"\" data-large-file=\"https:\/\/eldiariodesanpedro.com.ar\/sitio\/wp-content\/uploads\/2019\/05\/1-1-1024x774.jpg\" data-src=\"https:\/\/eldiariodesanpedro.com.ar\/sitio\/wp-content\/uploads\/2019\/05\/1-1-1024x774.jpg\" alt=\"\" data-id=\"53423\" data-link=\"https:\/\/eldiariodesanpedro.com.ar\/sitio\/1-92\/\" class=\"wp-image-53423 lazyload\" data-srcset=\"https:\/\/eldiariodesanpedro.com.ar\/sitio\/wp-content\/uploads\/2019\/05\/1-1-1024x774.jpg 1024w, https:\/\/eldiariodesanpedro.com.ar\/sitio\/wp-content\/uploads\/2019\/05\/1-1-300x227.jpg 300w, https:\/\/eldiariodesanpedro.com.ar\/sitio\/wp-content\/uploads\/2019\/05\/1-1-768x581.jpg 768w\" data-sizes=\"(max-width: 1024px) 100vw, 1024px\" src=\"data:image\/svg+xml;base64,PHN2ZyB3aWR0aD0iMSIgaGVpZ2h0PSIxIiB4bWxucz0iaHR0cDovL3d3dy53My5vcmcvMjAwMC9zdmciPjwvc3ZnPg==\" style=\"--smush-placeholder-width: 1024px; --smush-placeholder-aspect-ratio: 1024\/774;\" \/><\/figure><\/li><li class=\"blocks-gallery-item\"><figure><img decoding=\"async\" width=\"1024\" height=\"683\" data-attachment-id=\"53425\" data-permalink=\"https:\/\/eldiariodesanpedro.com.ar\/sitio\/27-2\/\" data-orig-file=\"https:\/\/eldiariodesanpedro.com.ar\/sitio\/wp-content\/uploads\/2019\/05\/27-2.jpg\" data-orig-size=\"5760,3840\" data-comments-opened=\"1\" data-image-meta=\"{&quot;aperture&quot;:&quot;6.3&quot;,&quot;credit&quot;:&quot;&quot;,&quot;camera&quot;:&quot;Canon EOS 5D Mark III&quot;,&quot;caption&quot;:&quot;&quot;,&quot;created_timestamp&quot;:&quot;1566468964&quot;,&quot;copyright&quot;:&quot;&quot;,&quot;focal_length&quot;:&quot;58&quot;,&quot;iso&quot;:&quot;100&quot;,&quot;shutter_speed&quot;:&quot;0.008&quot;,&quot;title&quot;:&quot;&quot;,&quot;orientation&quot;:&quot;0&quot;}\" data-image-title=\"27 (2)\" data-image-description=\"\" data-image-caption=\"\" data-large-file=\"https:\/\/eldiariodesanpedro.com.ar\/sitio\/wp-content\/uploads\/2019\/05\/27-2-1024x683.jpg\" data-src=\"https:\/\/eldiariodesanpedro.com.ar\/sitio\/wp-content\/uploads\/2019\/05\/27-2-1024x683.jpg\" alt=\"\" data-id=\"53425\" data-link=\"https:\/\/eldiariodesanpedro.com.ar\/sitio\/27-2\/\" class=\"wp-image-53425 lazyload\" data-srcset=\"https:\/\/eldiariodesanpedro.com.ar\/sitio\/wp-content\/uploads\/2019\/05\/27-2-1024x683.jpg 1024w, https:\/\/eldiariodesanpedro.com.ar\/sitio\/wp-content\/uploads\/2019\/05\/27-2-300x200.jpg 300w, https:\/\/eldiariodesanpedro.com.ar\/sitio\/wp-content\/uploads\/2019\/05\/27-2-768x512.jpg 768w\" data-sizes=\"(max-width: 1024px) 100vw, 1024px\" src=\"data:image\/svg+xml;base64,PHN2ZyB3aWR0aD0iMSIgaGVpZ2h0PSIxIiB4bWxucz0iaHR0cDovL3d3dy53My5vcmcvMjAwMC9zdmciPjwvc3ZnPg==\" style=\"--smush-placeholder-width: 1024px; --smush-placeholder-aspect-ratio: 1024\/683;\" \/><\/figure><\/li><\/ul>\n","protected":false},"excerpt":{"rendered":"<p>En la plaza Juan Bautista Zucchi se desarrollaron las actividades para este d\u00eda patrio. En una localidad que luci\u00f3 ordenadamenre en celeste y blanco para una ma\u00f1ana muy especial, autoridades municipales, educativas e institucionales, estudiantes, representantes de Bomberos, Ex Combatientes, Fuerzas de Seguridad, centros tradicionalistas y vecinos se reunieron para el acto por los 209 [&hellip;]<\/p>\n","protected":false},"author":4,"featured_media":53425,"comment_status":"open","ping_status":"closed","sticky":false,"template":"","format":"standard","meta":{"om_disable_all_campaigns":false,"_jetpack_memberships_contains_paid_content":false,"footnotes":""},"categories":[50,101,2],"tags":[],"class_list":["post-53426","post","type-post","status-publish","format-standard","has-post-thumbnail","hentry","category-destacadas","category-interes-general-locales","category-locales"],"aioseo_notices":[],"gutentor_comment":0,"jetpack_featured_media_url":"https:\/\/eldiariodesanpedro.com.ar\/sitio\/wp-content\/uploads\/2019\/05\/27-2.jpg","jetpack_shortlink":"https:\/\/wp.me\/p6RhLt-dTI","jetpack_sharing_enabled":true,"_links":{"self":[{"href":"https:\/\/eldiariodesanpedro.com.ar\/sitio\/wp-json\/wp\/v2\/posts\/53426","targetHints":{"allow":["GET"]}}],"collection":[{"href":"https:\/\/eldiariodesanpedro.com.ar\/sitio\/wp-json\/wp\/v2\/posts"}],"about":[{"href":"https:\/\/eldiariodesanpedro.com.ar\/sitio\/wp-json\/wp\/v2\/types\/post"}],"author":[{"embeddable":true,"href":"https:\/\/eldiariodesanpedro.com.ar\/sitio\/wp-json\/wp\/v2\/users\/4"}],"replies":[{"embeddable":true,"href":"https:\/\/eldiariodesanpedro.com.ar\/sitio\/wp-json\/wp\/v2\/comments?post=53426"}],"version-history":[{"count":1,"href":"https:\/\/eldiariodesanpedro.com.ar\/sitio\/wp-json\/wp\/v2\/posts\/53426\/revisions"}],"predecessor-version":[{"id":53427,"href":"https:\/\/eldiariodesanpedro.com.ar\/sitio\/wp-json\/wp\/v2\/posts\/53426\/revisions\/53427"}],"wp:featuredmedia":[{"embeddable":true,"href":"https:\/\/eldiariodesanpedro.com.ar\/sitio\/wp-json\/wp\/v2\/media\/53425"}],"wp:attachment":[{"href":"https:\/\/eldiariodesanpedro.com.ar\/sitio\/wp-json\/wp\/v2\/media?parent=53426"}],"wp:term":[{"taxonomy":"category","embeddable":true,"href":"https:\/\/eldiariodesanpedro.com.ar\/sitio\/wp-json\/wp\/v2\/categories?post=53426"},{"taxonomy":"post_tag","embeddable":true,"href":"https:\/\/eldiariodesanpedro.com.ar\/sitio\/wp-json\/wp\/v2\/tags?post=53426"}],"curies":[{"name":"wp","href":"https:\/\/api.w.org\/{rel}","templated":true}]}}