{"id":53421,"date":"2019-05-25T12:53:57","date_gmt":"2019-05-25T15:53:57","guid":{"rendered":"https:\/\/eldiariodesanpedro.com.ar\/sitio\/?p=53421"},"modified":"2019-05-25T12:54:03","modified_gmt":"2019-05-25T15:54:03","slug":"violencia-familiar-y-amenazas-de-muerte","status":"publish","type":"post","link":"https:\/\/eldiariodesanpedro.com.ar\/sitio\/violencia-familiar-y-amenazas-de-muerte\/","title":{"rendered":"Violencia familiar y amenazas de muerte"},"content":{"rendered":"<!-- VideographyWP Plugin Message: Automatic video embedding prevented by plugin options. -->\n\n<p>Dos violentos hechos fueron radicados en la dependencia local est\u00e1 madrugada.  En ambos casos fueron aprehendidos los agresores.<\/p>\n\n\n\n<p>El primer hecho sucedi\u00f3 en el sector de guardia del Hospital Emilio Ruffalo cuando un hombre mayor de edad comenz\u00f3 agredir f\u00edsicamente a su pareja, ocasionandole lesiones en el cuerpo.<\/p>\n\n\n\n<p>La v\u00edctima fue asistida en la comisar\u00eda de la mujer y el violento trasladado a la dependencia.<\/p>\n\n\n\n<p>Tambi\u00e9n otro violento, se encontraba en las afueras de la vivienda de su ex pareja, sita en calle Las Provincias y Quiroga, grit\u00e1ndole y amenazando la de muerte.<\/p>\n\n\n\n<p>Fue aprehendido.<\/p>\n","protected":false},"excerpt":{"rendered":"<p>Dos violentos hechos fueron radicados en la dependencia local est\u00e1 madrugada. En ambos casos fueron aprehendidos los agresores. El primer hecho sucedi\u00f3 en el sector de guardia del Hospital Emilio Ruffalo cuando un hombre mayor de edad comenz\u00f3 agredir f\u00edsicamente a su pareja, ocasionandole lesiones en el cuerpo. La v\u00edctima fue asistida en la comisar\u00eda [&hellip;]<\/p>\n","protected":false},"author":4,"featured_media":38083,"comment_status":"open","ping_status":"closed","sticky":false,"template":"","format":"standard","meta":{"om_disable_all_campaigns":false,"_jetpack_memberships_contains_paid_content":false,"footnotes":""},"categories":[2,103],"tags":[],"class_list":["post-53421","post","type-post","status-publish","format-standard","has-post-thumbnail","hentry","category-locales","category-policiales-locales"],"aioseo_notices":[],"gutentor_comment":0,"jetpack_featured_media_url":"https:\/\/eldiariodesanpedro.com.ar\/sitio\/wp-content\/uploads\/2018\/08\/violencia-familiar.jpg","jetpack_shortlink":"https:\/\/wp.me\/p6RhLt-dTD","jetpack_sharing_enabled":true,"_links":{"self":[{"href":"https:\/\/eldiariodesanpedro.com.ar\/sitio\/wp-json\/wp\/v2\/posts\/53421","targetHints":{"allow":["GET"]}}],"collection":[{"href":"https:\/\/eldiariodesanpedro.com.ar\/sitio\/wp-json\/wp\/v2\/posts"}],"about":[{"href":"https:\/\/eldiariodesanpedro.com.ar\/sitio\/wp-json\/wp\/v2\/types\/post"}],"author":[{"embeddable":true,"href":"https:\/\/eldiariodesanpedro.com.ar\/sitio\/wp-json\/wp\/v2\/users\/4"}],"replies":[{"embeddable":true,"href":"https:\/\/eldiariodesanpedro.com.ar\/sitio\/wp-json\/wp\/v2\/comments?post=53421"}],"version-history":[{"count":1,"href":"https:\/\/eldiariodesanpedro.com.ar\/sitio\/wp-json\/wp\/v2\/posts\/53421\/revisions"}],"predecessor-version":[{"id":53422,"href":"https:\/\/eldiariodesanpedro.com.ar\/sitio\/wp-json\/wp\/v2\/posts\/53421\/revisions\/53422"}],"wp:featuredmedia":[{"embeddable":true,"href":"https:\/\/eldiariodesanpedro.com.ar\/sitio\/wp-json\/wp\/v2\/media\/38083"}],"wp:attachment":[{"href":"https:\/\/eldiariodesanpedro.com.ar\/sitio\/wp-json\/wp\/v2\/media?parent=53421"}],"wp:term":[{"taxonomy":"category","embeddable":true,"href":"https:\/\/eldiariodesanpedro.com.ar\/sitio\/wp-json\/wp\/v2\/categories?post=53421"},{"taxonomy":"post_tag","embeddable":true,"href":"https:\/\/eldiariodesanpedro.com.ar\/sitio\/wp-json\/wp\/v2\/tags?post=53421"}],"curies":[{"name":"wp","href":"https:\/\/api.w.org\/{rel}","templated":true}]}}