{"id":53419,"date":"2019-05-25T12:34:28","date_gmt":"2019-05-25T15:34:28","guid":{"rendered":"https:\/\/eldiariodesanpedro.com.ar\/sitio\/?p=53419"},"modified":"2019-05-25T12:34:37","modified_gmt":"2019-05-25T15:34:37","slug":"varios-aprehendidos-por-resistencia-estado-de-ebriedad-y-tenencia-de-estupefacientes","status":"publish","type":"post","link":"https:\/\/eldiariodesanpedro.com.ar\/sitio\/varios-aprehendidos-por-resistencia-estado-de-ebriedad-y-tenencia-de-estupefacientes\/","title":{"rendered":"Varios aprehendidos por resistencia, estado de ebriedad  y tenencia de estupefacientes"},"content":{"rendered":"<!-- VideographyWP Plugin Message: Automatic video embedding prevented by plugin options. -->\n\n<p>As\u00ed fue como esta madrugada el personal policial aprehendi\u00f3 a varios sujetos por distintos hechos donde luego fueron alojados en la comisar\u00eda local a la espera de la intervenci\u00f3n de la fiscal\u00eda en turno.<\/p>\n\n\n\n<p>Los efectivos se encontraban en operativos de saturaci\u00f3n, como ya es habitual en nuestra ciudad, este s\u00e1bado por la madrugada procedieron a la interceptaci\u00f3n tambi\u00e9n de varios veh\u00edculos.<\/p>\n\n\n\n<p>Desde el parte policial oficial informan que fueron alertados por varios  episodios, donde algunos de los casos fueron un poco violentos .<\/p>\n\n\n\n<p>En intersecci\u00f3n de las calles 25 de mayo y Saavedra, un joven de 25 a\u00f1os de edad, se encontraba ocasionando disturbios en la v\u00eda p\u00fablica, cuando el personal se acerca para identificarlo este se torna en actitud hostil, intentando agredirlos.<\/p>\n\n\n\n<p>Se procede a la aprehensi\u00f3n y a realizarse el test de alcoholemia, el cual le da como resultado positivo y se procede tambi\u00e9n a secuestrarle el rodado en el que se movilizaba.<\/p>\n\n\n\n<p>En este caso interviene la Fiscal\u00eda N\u00b011 y el Juzgado de Faltas.<\/p>\n\n\n\n<p>Tambi\u00e9n en Mitre y Boulevar Moreno, dos sujetos que se movilizaban en un autom\u00f3vil, fueron observados por efectivos policiales que se encontraban en estado de ebriedad alterando adem\u00e1s el orden p\u00fablico.<\/p>\n\n\n\n<p>Fueron interceptados y se les realizo test de alcoholemia arrojando resultados positivos y consecuentemente a esto queda el rodado secuestrado.<\/p>\n\n\n\n<p>Los dos j\u00f3venes fueron trasladados a la dependencia local. Toma interevncion el Juzgado de Paz y Juzgado de Faltas respectivamente.<\/p>\n\n\n\n<p>Por \u00faltimo, en Sargento Selada y Saavedra, un masculino mayor de edad comienza a molestar a los efectivos que se encontraban procediendo a los operativos mencionados por lo que se le solicita que  deponga de su actitud, \u00abhace caso omiso\u00bb, por lo cual se procede a su aprehensi\u00f3n.<\/p>\n\n\n\n<p>En su poder, adem\u00e1s se le secuestra un  envoltorio con sustancia polvorienta color blanca simil a coca\u00edna y pipa de construcci\u00f3n casera para consumo de estupefacientes.<\/p>\n\n\n\n<p>Toma intervenci\u00f3n la Fiscal\u00eda N 11.<\/p>\n","protected":false},"excerpt":{"rendered":"<p>As\u00ed fue como esta madrugada el personal policial aprehendi\u00f3 a varios sujetos por distintos hechos donde luego fueron alojados en la comisar\u00eda local a la espera de la intervenci\u00f3n de la fiscal\u00eda en turno. Los efectivos se encontraban en operativos de saturaci\u00f3n, como ya es habitual en nuestra ciudad, este s\u00e1bado por la madrugada procedieron [&hellip;]<\/p>\n","protected":false},"author":4,"featured_media":26677,"comment_status":"open","ping_status":"closed","sticky":false,"template":"","format":"standard","meta":{"om_disable_all_campaigns":false,"_jetpack_memberships_contains_paid_content":false,"footnotes":""},"categories":[50,2,103],"tags":[],"class_list":["post-53419","post","type-post","status-publish","format-standard","has-post-thumbnail","hentry","category-destacadas","category-locales","category-policiales-locales"],"aioseo_notices":[],"gutentor_comment":0,"jetpack_featured_media_url":"https:\/\/eldiariodesanpedro.com.ar\/sitio\/wp-content\/uploads\/2017\/12\/patrullas-policia-noche.jpg","jetpack_shortlink":"https:\/\/wp.me\/p6RhLt-dTB","jetpack_sharing_enabled":true,"_links":{"self":[{"href":"https:\/\/eldiariodesanpedro.com.ar\/sitio\/wp-json\/wp\/v2\/posts\/53419","targetHints":{"allow":["GET"]}}],"collection":[{"href":"https:\/\/eldiariodesanpedro.com.ar\/sitio\/wp-json\/wp\/v2\/posts"}],"about":[{"href":"https:\/\/eldiariodesanpedro.com.ar\/sitio\/wp-json\/wp\/v2\/types\/post"}],"author":[{"embeddable":true,"href":"https:\/\/eldiariodesanpedro.com.ar\/sitio\/wp-json\/wp\/v2\/users\/4"}],"replies":[{"embeddable":true,"href":"https:\/\/eldiariodesanpedro.com.ar\/sitio\/wp-json\/wp\/v2\/comments?post=53419"}],"version-history":[{"count":1,"href":"https:\/\/eldiariodesanpedro.com.ar\/sitio\/wp-json\/wp\/v2\/posts\/53419\/revisions"}],"predecessor-version":[{"id":53420,"href":"https:\/\/eldiariodesanpedro.com.ar\/sitio\/wp-json\/wp\/v2\/posts\/53419\/revisions\/53420"}],"wp:featuredmedia":[{"embeddable":true,"href":"https:\/\/eldiariodesanpedro.com.ar\/sitio\/wp-json\/wp\/v2\/media\/26677"}],"wp:attachment":[{"href":"https:\/\/eldiariodesanpedro.com.ar\/sitio\/wp-json\/wp\/v2\/media?parent=53419"}],"wp:term":[{"taxonomy":"category","embeddable":true,"href":"https:\/\/eldiariodesanpedro.com.ar\/sitio\/wp-json\/wp\/v2\/categories?post=53419"},{"taxonomy":"post_tag","embeddable":true,"href":"https:\/\/eldiariodesanpedro.com.ar\/sitio\/wp-json\/wp\/v2\/tags?post=53419"}],"curies":[{"name":"wp","href":"https:\/\/api.w.org\/{rel}","templated":true}]}}