{"id":53389,"date":"2019-05-24T18:55:27","date_gmt":"2019-05-24T21:55:27","guid":{"rendered":"https:\/\/eldiariodesanpedro.com.ar\/sitio\/?p=53389"},"modified":"2019-05-24T18:55:38","modified_gmt":"2019-05-24T21:55:38","slug":"marabert-y-juhant-precandidatos-a-intendente","status":"publish","type":"post","link":"https:\/\/eldiariodesanpedro.com.ar\/sitio\/marabert-y-juhant-precandidatos-a-intendente\/","title":{"rendered":"Marabert y Juhant precandidatos a Intendente"},"content":{"rendered":"<!-- VideographyWP Plugin Message: Automatic video embedding prevented by plugin options. -->\n\n<p>De a poco comenz\u00f3 la campa\u00f1a electoral a medida que nos acercamos al 21 de Junio, fecha l\u00edmite donde se deber\u00e1n presentar los candidatos definitivos en el Comit\u00e9 Electoral, y en nuestra ciudad ya se estar\u00edan perfilando varios representantes de la oposici\u00f3n, adem\u00e1s del precandidato Marcos Arana representando a Unidad Ciudadana.<\/p>\n\n\n\n<p><br>Durante la jornada de este viernes en el Bar Plaza se realiz\u00f3 la presentaci\u00f3n del pre candidato por el Frente de Izquierda, Ademar Marabert quien es referente del partido Obrero a nivel local.<\/p>\n\n\n\n<p>En una conferencia de prensa con la visita de la precandidata Nora Biaggio, el referente anunci\u00f3 su candidatura. Recordemos que Marabert no es la primera vez que ser\u00e1 candidato representando a su partido, acompa\u00f1ando a nivel nacional a Nicol\u00e1s del Ca\u00f1o con su candidatura a Presidente y a N\u00e9stor Pitrola como Gobernador todos dentro del Frente de Izquierda.&nbsp;<br>Marabert comento \u201cSera una lista con laburantes de San Pedro, docentes, empleados de f\u00e1bricas que entienden que la salida es con un gobierno de los trabajadores\u201d<\/p>\n\n\n\n<p><strong>Renacer Pol\u00edtico y Social<\/strong><br>Tambi\u00e9n este viernes se dio a conocer la precandidatura de Luciano Juhant como Intendente representando a \u201cRenacer Pol\u00edtico y Social\u201d partido fundado en la provincia de Catamarca liderado por Nancy Stefanoff y con presencias en 12 provincias de nuestro pa\u00eds.<br>El ex Concejal durante la intendencia del Mario Barbieri y Pastor Evang\u00e9lico anuncio su precandidatura por los medios de prensa a trav\u00e9s de un comunicado.<\/p>\n\n\n\n<p>\u201cA trav\u00e9s de la presente, y por vuestro intermedio, manifiesto y hago p\u00fablica mi decisi\u00f3n de ser precandidato a Intendente del Distrito de San Pedro. Asumo \u00e9ste desaf\u00edo impulsado por mi fuerte vocaci\u00f3n de servicio p\u00fablico puesta de manifiesto desde hace m\u00e1s de 20 a\u00f1os en diferentes \u00e1mbitos de la sociedad. Vivimos en un tiempo y en una coyuntura donde se hace necesaria la participaci\u00f3n activa de quienes, como en mi caso, entendemos que con esfuerzo, buena voluntad, trabajo en conjunto y sobre todo honestidad, es posible generar los cambios necesarios para lograr una mejor calidad de vida para toda la comunidad\u201d.<\/p>\n\n\n\n<p>Tambi\u00e9n agrego \u201cNuestro objetivo en esta instancia es trabajar en unidad estableciendo alianzas con partidos pol\u00edticos, organizaciones sociales y\/o vecinales con los que podamos consensuar proyectos en com\u00fan en beneficio de nuestra comunidad. Por ello invitamos a todos aquellos que se sientan identificados con esta visi\u00f3n de la pol\u00edtica y del servicio p\u00fablico a que se acerquen a nuestro espacio, haciendo lo propio nosotros con aquellos que nos convoquen\u201d.<br><\/p>\n","protected":false},"excerpt":{"rendered":"<p>De a poco comenz\u00f3 la campa\u00f1a electoral a medida que nos acercamos al 21 de Junio, fecha l\u00edmite donde se deber\u00e1n presentar los candidatos definitivos en el Comit\u00e9 Electoral, y en nuestra ciudad ya se estar\u00edan perfilando varios representantes de la oposici\u00f3n, adem\u00e1s del precandidato Marcos Arana representando a Unidad Ciudadana. Durante la jornada de [&hellip;]<\/p>\n","protected":false},"author":4,"featured_media":53390,"comment_status":"open","ping_status":"closed","sticky":false,"template":"","format":"standard","meta":{"om_disable_all_campaigns":false,"_jetpack_memberships_contains_paid_content":false,"footnotes":""},"categories":[2,102],"tags":[],"class_list":["post-53389","post","type-post","status-publish","format-standard","has-post-thumbnail","hentry","category-locales","category-politica-locales"],"aioseo_notices":[],"gutentor_comment":0,"jetpack_featured_media_url":"https:\/\/eldiariodesanpedro.com.ar\/sitio\/wp-content\/uploads\/2019\/05\/Sin-t\u00edtulo-1.png","jetpack_shortlink":"https:\/\/wp.me\/p6RhLt-dT7","jetpack_sharing_enabled":true,"_links":{"self":[{"href":"https:\/\/eldiariodesanpedro.com.ar\/sitio\/wp-json\/wp\/v2\/posts\/53389","targetHints":{"allow":["GET"]}}],"collection":[{"href":"https:\/\/eldiariodesanpedro.com.ar\/sitio\/wp-json\/wp\/v2\/posts"}],"about":[{"href":"https:\/\/eldiariodesanpedro.com.ar\/sitio\/wp-json\/wp\/v2\/types\/post"}],"author":[{"embeddable":true,"href":"https:\/\/eldiariodesanpedro.com.ar\/sitio\/wp-json\/wp\/v2\/users\/4"}],"replies":[{"embeddable":true,"href":"https:\/\/eldiariodesanpedro.com.ar\/sitio\/wp-json\/wp\/v2\/comments?post=53389"}],"version-history":[{"count":2,"href":"https:\/\/eldiariodesanpedro.com.ar\/sitio\/wp-json\/wp\/v2\/posts\/53389\/revisions"}],"predecessor-version":[{"id":53392,"href":"https:\/\/eldiariodesanpedro.com.ar\/sitio\/wp-json\/wp\/v2\/posts\/53389\/revisions\/53392"}],"wp:featuredmedia":[{"embeddable":true,"href":"https:\/\/eldiariodesanpedro.com.ar\/sitio\/wp-json\/wp\/v2\/media\/53390"}],"wp:attachment":[{"href":"https:\/\/eldiariodesanpedro.com.ar\/sitio\/wp-json\/wp\/v2\/media?parent=53389"}],"wp:term":[{"taxonomy":"category","embeddable":true,"href":"https:\/\/eldiariodesanpedro.com.ar\/sitio\/wp-json\/wp\/v2\/categories?post=53389"},{"taxonomy":"post_tag","embeddable":true,"href":"https:\/\/eldiariodesanpedro.com.ar\/sitio\/wp-json\/wp\/v2\/tags?post=53389"}],"curies":[{"name":"wp","href":"https:\/\/api.w.org\/{rel}","templated":true}]}}