{"id":53386,"date":"2019-05-24T18:28:19","date_gmt":"2019-05-24T21:28:19","guid":{"rendered":"https:\/\/eldiariodesanpedro.com.ar\/sitio\/?p=53386"},"modified":"2019-05-24T18:28:37","modified_gmt":"2019-05-24T21:28:37","slug":"baradero-la-grilla-de-artistas-que-actuara-en-la-14-fiesta-del-guiso-carrero-y-el-pastel-en-ireneo-portela","status":"publish","type":"post","link":"https:\/\/eldiariodesanpedro.com.ar\/sitio\/baradero-la-grilla-de-artistas-que-actuara-en-la-14-fiesta-del-guiso-carrero-y-el-pastel-en-ireneo-portela\/","title":{"rendered":"BARADERO: La grilla de artistas que actuar\u00e1 en la 14\u00b0 Fiesta del Guiso Carrero y el Pastel en Ireneo Portela"},"content":{"rendered":"<!-- VideographyWP Plugin Message: Automatic video embedding prevented by plugin options. -->\n\n<p>La Fiesta del Guiso Carrero y el Pastel, en su decimocuarta edici\u00f3n, ser\u00e1 en el Predio Manuel Belgrano de Ireneo Portela el s\u00e1bado 25 de mayo en el marco del D\u00eda de la Patria. El evento comenzar\u00e1 a partir del mediod\u00eda y ser\u00e1 totalmente gratuito. \u00a1Acercate a Portela!<\/p>\n\n\n\n<p>Como en cada edici\u00f3n, los vecinos porteleros se encuentran trabajando intensamente para brindar -nuevamente- una fiesta con propuesta gastron\u00f3mica, con exhibiciones, bailes y diferentes espect\u00e1culos.<\/p>\n\n\n\n<p>En esta ocasi\u00f3n habr\u00e1 n\u00fameros musicales, feria de artesanos, exhibici\u00f3n de autos antiguos y motos, servicio de cantina, bailes tradicionales y mucho m\u00e1s.<\/p>\n\n\n\n<p>Dentro del destacado abanico de propuestas para el s\u00e1bado patrio, actuar\u00e1n artistas destacados. A continuaci\u00f3n, la grilla de artistas:<\/p>\n\n\n\n<p>\u2013&nbsp;&nbsp;&nbsp;&nbsp;&nbsp;&nbsp;&nbsp;&nbsp;&nbsp;&nbsp;&nbsp;Ballet del Taller de Ireneo Portela<\/p>\n\n\n\n<p>\u2013&nbsp;&nbsp;&nbsp;&nbsp;&nbsp;&nbsp;&nbsp;&nbsp;&nbsp;&nbsp;&nbsp;Virutazo Tango<\/p>\n\n\n\n<p>\u2013&nbsp;&nbsp;&nbsp;&nbsp;&nbsp;&nbsp;&nbsp;&nbsp;&nbsp;&nbsp;&nbsp;Agust\u00edn Wuitrich<\/p>\n\n\n\n<p>\u2013&nbsp;&nbsp;&nbsp;&nbsp;&nbsp;&nbsp;&nbsp;&nbsp;&nbsp;&nbsp;&nbsp;Anal\u00eda Heredia<\/p>\n\n\n\n<p>\u2013&nbsp;&nbsp;&nbsp;&nbsp;&nbsp;&nbsp;&nbsp;&nbsp;&nbsp;&nbsp;&nbsp;Ballet Municipal \u201cSixto Palavecino\u201d<\/p>\n\n\n\n<p>\u2013&nbsp;&nbsp;&nbsp;&nbsp;&nbsp;&nbsp;&nbsp;&nbsp;&nbsp;&nbsp;&nbsp;Jorge Gordillo<\/p>\n\n\n\n<p>\u2013&nbsp;&nbsp;&nbsp;&nbsp;&nbsp;&nbsp;&nbsp;&nbsp;&nbsp;&nbsp;&nbsp;Ballet \u201cSembrando Sue\u00f1os y Desde el Alma\u201d<\/p>\n\n\n\n<p>\u2013&nbsp;&nbsp;&nbsp;&nbsp;&nbsp;&nbsp;&nbsp;&nbsp;&nbsp;&nbsp;&nbsp;Quimera Folcklore<\/p>\n\n\n\n<p>\u2013&nbsp;&nbsp;&nbsp;&nbsp;&nbsp;&nbsp;&nbsp;&nbsp;&nbsp;&nbsp;&nbsp;Hugo Castiglioni<\/p>\n\n\n\n<p>\u2013&nbsp;&nbsp;&nbsp;&nbsp;&nbsp;&nbsp;&nbsp;&nbsp;&nbsp;&nbsp;&nbsp;Grupo Cenizas<\/p>\n\n\n\n<p><strong>Acto protocolar<\/strong><\/p>\n\n\n\n<p>El s\u00e1bado 25 de mayo a las 10:30 horas se llevar\u00e1 adelante el acto protocolar del 209\u00b0 Aniversario de la Revoluci\u00f3n de Mayo en el Predio Manuel Belgrano de Ireneo Portela. \u00a1Esperamos contar con su presencia para conmemorar juntos el D\u00eda de la Patria!<\/p>\n\n\n\n<p>BARADERO TE INFORMA<\/p>\n","protected":false},"excerpt":{"rendered":"<p>La Fiesta del Guiso Carrero y el Pastel, en su decimocuarta edici\u00f3n, ser\u00e1 en el Predio Manuel Belgrano de Ireneo Portela el s\u00e1bado 25 de mayo en el marco del D\u00eda de la Patria. El evento comenzar\u00e1 a partir del mediod\u00eda y ser\u00e1 totalmente gratuito. \u00a1Acercate a Portela! Como en cada edici\u00f3n, los vecinos porteleros [&hellip;]<\/p>\n","protected":false},"author":4,"featured_media":53387,"comment_status":"open","ping_status":"closed","sticky":false,"template":"","format":"standard","meta":{"om_disable_all_campaigns":false,"_jetpack_memberships_contains_paid_content":false,"footnotes":""},"categories":[621],"tags":[],"class_list":["post-53386","post","type-post","status-publish","format-standard","has-post-thumbnail","hentry","category-regionales"],"aioseo_notices":[],"gutentor_comment":0,"jetpack_featured_media_url":"https:\/\/eldiariodesanpedro.com.ar\/sitio\/wp-content\/uploads\/2019\/05\/Outlook-ejj1k4gh.png","jetpack_shortlink":"https:\/\/wp.me\/p6RhLt-dT4","jetpack_sharing_enabled":true,"_links":{"self":[{"href":"https:\/\/eldiariodesanpedro.com.ar\/sitio\/wp-json\/wp\/v2\/posts\/53386","targetHints":{"allow":["GET"]}}],"collection":[{"href":"https:\/\/eldiariodesanpedro.com.ar\/sitio\/wp-json\/wp\/v2\/posts"}],"about":[{"href":"https:\/\/eldiariodesanpedro.com.ar\/sitio\/wp-json\/wp\/v2\/types\/post"}],"author":[{"embeddable":true,"href":"https:\/\/eldiariodesanpedro.com.ar\/sitio\/wp-json\/wp\/v2\/users\/4"}],"replies":[{"embeddable":true,"href":"https:\/\/eldiariodesanpedro.com.ar\/sitio\/wp-json\/wp\/v2\/comments?post=53386"}],"version-history":[{"count":1,"href":"https:\/\/eldiariodesanpedro.com.ar\/sitio\/wp-json\/wp\/v2\/posts\/53386\/revisions"}],"predecessor-version":[{"id":53388,"href":"https:\/\/eldiariodesanpedro.com.ar\/sitio\/wp-json\/wp\/v2\/posts\/53386\/revisions\/53388"}],"wp:featuredmedia":[{"embeddable":true,"href":"https:\/\/eldiariodesanpedro.com.ar\/sitio\/wp-json\/wp\/v2\/media\/53387"}],"wp:attachment":[{"href":"https:\/\/eldiariodesanpedro.com.ar\/sitio\/wp-json\/wp\/v2\/media?parent=53386"}],"wp:term":[{"taxonomy":"category","embeddable":true,"href":"https:\/\/eldiariodesanpedro.com.ar\/sitio\/wp-json\/wp\/v2\/categories?post=53386"},{"taxonomy":"post_tag","embeddable":true,"href":"https:\/\/eldiariodesanpedro.com.ar\/sitio\/wp-json\/wp\/v2\/tags?post=53386"}],"curies":[{"name":"wp","href":"https:\/\/api.w.org\/{rel}","templated":true}]}}