{"id":53382,"date":"2019-05-24T17:52:26","date_gmt":"2019-05-24T20:52:26","guid":{"rendered":"https:\/\/eldiariodesanpedro.com.ar\/sitio\/?p=53382"},"modified":"2019-05-24T17:52:37","modified_gmt":"2019-05-24T20:52:37","slug":"prohibieron-la-venta-de-un-aji-molido-y-un-pimenton-extradulce-la-parmesana","status":"publish","type":"post","link":"https:\/\/eldiariodesanpedro.com.ar\/sitio\/prohibieron-la-venta-de-un-aji-molido-y-un-pimenton-extradulce-la-parmesana\/","title":{"rendered":"Prohibieron la venta de un aj\u00ed molido y un piment\u00f3n extradulce La Parmesana"},"content":{"rendered":"<!-- VideographyWP Plugin Message: Automatic video embedding prevented by plugin options. -->\n\n<p><strong>La Administraci\u00f3n Nacional de Medicamentos, Alimentos y Tecnolog\u00eda M\u00e9dica (Anmat) prohibi\u00f3 los productos por estar \u00abadulterados\u00bb.<\/strong><\/p>\n\n\n\n<p>La Administraci\u00f3n Nacional de Medicamentos, Alimentos y Tecnolog\u00eda M\u00e9dica (Anmat) prohibi\u00f3 un aj\u00ed molido y un piment\u00f3n extradulce de la marca La Parmesana elaborados y envasados por Poo Alimentos S.A. (RNE N\u00b0 02-033526).<\/p>\n\n\n\n<p>El organismo comunic\u00f3 en el Bolet\u00edn Oficial que el aj\u00ed molido (Lote: 181120, fecha de vto.: NOV 20, RNPA N\u00b0 02-598292) y el piment\u00f3n extra dulce (Lote: 180919, fecha de vto.: consumir preferentemente antes de SET 20, RNPA N\u00b0 02-598274) en cuesti\u00f3n son \u00abalimentos adulterados\u00bb.<\/p>\n\n\n\n<p>Seg\u00fan la resoluci\u00f3n presentan elementos histol\u00f3gicos de aj\u00ed y de soja: el aj\u00ed molido tiene amiloplastos de trigo y ma\u00edz y el piment\u00f3n extra dulce, amiloplastos de arroz y de ma\u00edz. Los productos infringen el art\u00edculo 1200 del C\u00f3digo Alimentario, que refiere a los condimentos vegetales y dice: \u00abDeben ser genuinas, sanas y responder a sus caracter\u00edsticas normales, y estar exentas de sustancias extra\u00f1as y de partes de la planta de origen que no posean cualidades de condimentos (tallos, pec\u00edolos, etc). Las especias pueden expenderse enteras o molidas. Las especias que se tengan en dep\u00f3sito, exhiban, circulen o expendan en mal estado de conservaci\u00f3n o atacadas por insectos o con olor a moho ser\u00e1n decomisadas en el acto, como asimismo las que han sido elaboradas en malas o deficientes condiciones.<\/p>\n\n\n\n<p><br><\/p>\n\n\n\n<p><br><\/p>\n","protected":false},"excerpt":{"rendered":"<p>La Administraci\u00f3n Nacional de Medicamentos, Alimentos y Tecnolog\u00eda M\u00e9dica (Anmat) prohibi\u00f3 los productos por estar \u00abadulterados\u00bb. La Administraci\u00f3n Nacional de Medicamentos, Alimentos y Tecnolog\u00eda M\u00e9dica (Anmat) prohibi\u00f3 un aj\u00ed molido y un piment\u00f3n extradulce de la marca La Parmesana elaborados y envasados por Poo Alimentos S.A. (RNE N\u00b0 02-033526). El organismo comunic\u00f3 en el Bolet\u00edn [&hellip;]<\/p>\n","protected":false},"author":4,"featured_media":53383,"comment_status":"open","ping_status":"closed","sticky":false,"template":"","format":"standard","meta":{"om_disable_all_campaigns":false,"_jetpack_memberships_contains_paid_content":false,"footnotes":""},"categories":[621],"tags":[],"class_list":["post-53382","post","type-post","status-publish","format-standard","has-post-thumbnail","hentry","category-regionales"],"aioseo_notices":[],"gutentor_comment":0,"jetpack_featured_media_url":"https:\/\/eldiariodesanpedro.com.ar\/sitio\/wp-content\/uploads\/2019\/05\/aji-La-Parnesana.jpg","jetpack_shortlink":"https:\/\/wp.me\/p6RhLt-dT0","jetpack_sharing_enabled":true,"_links":{"self":[{"href":"https:\/\/eldiariodesanpedro.com.ar\/sitio\/wp-json\/wp\/v2\/posts\/53382","targetHints":{"allow":["GET"]}}],"collection":[{"href":"https:\/\/eldiariodesanpedro.com.ar\/sitio\/wp-json\/wp\/v2\/posts"}],"about":[{"href":"https:\/\/eldiariodesanpedro.com.ar\/sitio\/wp-json\/wp\/v2\/types\/post"}],"author":[{"embeddable":true,"href":"https:\/\/eldiariodesanpedro.com.ar\/sitio\/wp-json\/wp\/v2\/users\/4"}],"replies":[{"embeddable":true,"href":"https:\/\/eldiariodesanpedro.com.ar\/sitio\/wp-json\/wp\/v2\/comments?post=53382"}],"version-history":[{"count":1,"href":"https:\/\/eldiariodesanpedro.com.ar\/sitio\/wp-json\/wp\/v2\/posts\/53382\/revisions"}],"predecessor-version":[{"id":53384,"href":"https:\/\/eldiariodesanpedro.com.ar\/sitio\/wp-json\/wp\/v2\/posts\/53382\/revisions\/53384"}],"wp:featuredmedia":[{"embeddable":true,"href":"https:\/\/eldiariodesanpedro.com.ar\/sitio\/wp-json\/wp\/v2\/media\/53383"}],"wp:attachment":[{"href":"https:\/\/eldiariodesanpedro.com.ar\/sitio\/wp-json\/wp\/v2\/media?parent=53382"}],"wp:term":[{"taxonomy":"category","embeddable":true,"href":"https:\/\/eldiariodesanpedro.com.ar\/sitio\/wp-json\/wp\/v2\/categories?post=53382"},{"taxonomy":"post_tag","embeddable":true,"href":"https:\/\/eldiariodesanpedro.com.ar\/sitio\/wp-json\/wp\/v2\/tags?post=53382"}],"curies":[{"name":"wp","href":"https:\/\/api.w.org\/{rel}","templated":true}]}}