{"id":53378,"date":"2019-05-24T10:42:20","date_gmt":"2019-05-24T13:42:20","guid":{"rendered":"https:\/\/eldiariodesanpedro.com.ar\/sitio\/?p=53378"},"modified":"2019-05-24T10:42:32","modified_gmt":"2019-05-24T13:42:32","slug":"cambiemos-celebrara-con-chocolate-y-churros-el-25-de-mayo-el-proximo-domingo","status":"publish","type":"post","link":"https:\/\/eldiariodesanpedro.com.ar\/sitio\/cambiemos-celebrara-con-chocolate-y-churros-el-25-de-mayo-el-proximo-domingo\/","title":{"rendered":"Cambiemos celebrar\u00e1 con chocolate y churros el 25 de Mayo el pr\u00f3ximo domingo"},"content":{"rendered":"<!-- VideographyWP Plugin Message: Automatic video embedding prevented by plugin options. -->\n\n<p>Este Domingo 26 de Mayo desde las 14 horas se estar\u00e1 festejando el d\u00eda patrio en el local del Partido Cambiemos ubicado en calle Avenida Boulevard Moreno y Las Provincias. <\/p>\n\n\n\n<p>All\u00ed se compartir\u00e1 un chocolate con churros, adem\u00e1s de proyecciones, entretenimientos y muchas otras actividades.  <\/p>\n\n\n\n<p>Tambi\u00e9n habr\u00e1 un Perchero Comunitario para quien necesite alguna prenda.<\/p>\n\n\n\n<p>Desde Cambiemos se invita a la comunidad a participar, la entrada es libre y gratuita.<\/p>\n\n\n\n<p>Tambi\u00e9n se agradece y se hace extensiva una convocatoria  a quien quiera colaborar en el evento.<br><\/p>\n","protected":false},"excerpt":{"rendered":"<p>Este Domingo 26 de Mayo desde las 14 horas se estar\u00e1 festejando el d\u00eda patrio en el local del Partido Cambiemos ubicado en calle Avenida Boulevard Moreno y Las Provincias. All\u00ed se compartir\u00e1 un chocolate con churros, adem\u00e1s de proyecciones, entretenimientos y muchas otras actividades. Tambi\u00e9n habr\u00e1 un Perchero Comunitario para quien necesite alguna prenda. [&hellip;]<\/p>\n","protected":false},"author":4,"featured_media":53380,"comment_status":"open","ping_status":"closed","sticky":false,"template":"","format":"standard","meta":{"om_disable_all_campaigns":false,"_jetpack_memberships_contains_paid_content":false,"footnotes":""},"categories":[101,2],"tags":[],"class_list":["post-53378","post","type-post","status-publish","format-standard","has-post-thumbnail","hentry","category-interes-general-locales","category-locales"],"aioseo_notices":[],"gutentor_comment":0,"jetpack_featured_media_url":"https:\/\/eldiariodesanpedro.com.ar\/sitio\/wp-content\/uploads\/2019\/05\/61261024_869918763371121_1451935834969210880_n.jpg","jetpack_shortlink":"https:\/\/wp.me\/p6RhLt-dSW","jetpack_sharing_enabled":true,"_links":{"self":[{"href":"https:\/\/eldiariodesanpedro.com.ar\/sitio\/wp-json\/wp\/v2\/posts\/53378","targetHints":{"allow":["GET"]}}],"collection":[{"href":"https:\/\/eldiariodesanpedro.com.ar\/sitio\/wp-json\/wp\/v2\/posts"}],"about":[{"href":"https:\/\/eldiariodesanpedro.com.ar\/sitio\/wp-json\/wp\/v2\/types\/post"}],"author":[{"embeddable":true,"href":"https:\/\/eldiariodesanpedro.com.ar\/sitio\/wp-json\/wp\/v2\/users\/4"}],"replies":[{"embeddable":true,"href":"https:\/\/eldiariodesanpedro.com.ar\/sitio\/wp-json\/wp\/v2\/comments?post=53378"}],"version-history":[{"count":1,"href":"https:\/\/eldiariodesanpedro.com.ar\/sitio\/wp-json\/wp\/v2\/posts\/53378\/revisions"}],"predecessor-version":[{"id":53381,"href":"https:\/\/eldiariodesanpedro.com.ar\/sitio\/wp-json\/wp\/v2\/posts\/53378\/revisions\/53381"}],"wp:featuredmedia":[{"embeddable":true,"href":"https:\/\/eldiariodesanpedro.com.ar\/sitio\/wp-json\/wp\/v2\/media\/53380"}],"wp:attachment":[{"href":"https:\/\/eldiariodesanpedro.com.ar\/sitio\/wp-json\/wp\/v2\/media?parent=53378"}],"wp:term":[{"taxonomy":"category","embeddable":true,"href":"https:\/\/eldiariodesanpedro.com.ar\/sitio\/wp-json\/wp\/v2\/categories?post=53378"},{"taxonomy":"post_tag","embeddable":true,"href":"https:\/\/eldiariodesanpedro.com.ar\/sitio\/wp-json\/wp\/v2\/tags?post=53378"}],"curies":[{"name":"wp","href":"https:\/\/api.w.org\/{rel}","templated":true}]}}