{"id":53373,"date":"2019-05-24T10:31:16","date_gmt":"2019-05-24T13:31:16","guid":{"rendered":"https:\/\/eldiariodesanpedro.com.ar\/sitio\/?p=53373"},"modified":"2019-05-24T10:31:28","modified_gmt":"2019-05-24T13:31:28","slug":"zarate-hablo-la-mama-de-la-nena-que-le-pego-a-un-delincuente","status":"publish","type":"post","link":"https:\/\/eldiariodesanpedro.com.ar\/sitio\/zarate-hablo-la-mama-de-la-nena-que-le-pego-a-un-delincuente\/","title":{"rendered":"Z\u00c1RATE: Habl\u00f3 la mam\u00e1 de la nena que le peg\u00f3 a un delincuente"},"content":{"rendered":"<!-- VideographyWP Plugin Message: Automatic video embedding prevented by plugin options. -->\n\n<p>El hecho ocurri\u00f3 el 8 de mayo, en las inmediaciones de San Mart\u00edn y Castelli, pero el video se viraliz\u00f3 durante el d\u00eda de hoy. Una menor de 11 a\u00f1os golpe\u00f3 a un ladr\u00f3n que intent\u00f3 atacar a su madre. <\/p>\n\n\n\n<p>\u00abEsto fue en la puerta de la casa del padre de las nenas, la segunda que aparece en imagen es mi otra hija. Fuimos a buscar un abrigo, yo me qued\u00e9 afuera esperando y en ese \u00ednterin, se acerc\u00f3 el delincuente\u00bb, expres\u00f3 Silvia Fern\u00e1ndez en TN. <\/p>\n\n\n\n<p>\u00abNo vi si ten\u00eda arma, me pidi\u00f3 el celular y se lo di, no me iba a arriesgar. La que s\u00ed se anim\u00f3 fue mi nena de 11 a\u00f1os que se le tir\u00f3 encima\u00bb, detall\u00f3. Adem\u00e1s, dijo que le pidi\u00f3 a la ni\u00f1a que \u00abno lo vuelva a hacer\u00bb ya que puede resultar peligroso. Luego de la terrible escena, la menor entr\u00f3 en una \u00abcrisis de nervios\u00bb de la cu\u00e1l reci\u00e9n ahora est\u00e1 recuper\u00e1ndose, explica su madre.<\/p>\n\n\n\n<p><strong>Fuente:\u00a0<\/strong>Noticias Z\u00e1rate Alerta<\/p>\n\n\n\n<figure class=\"wp-block-embed-youtube wp-block-embed is-type-video is-provider-youtube wp-embed-aspect-16-9 wp-has-aspect-ratio\"><div class=\"wp-block-embed__wrapper\">\n<iframe  style=\"display: block; margin: 0px auto;\"  id=\"_ytid_43839\"  width=\"640\" height=\"360\"  data-origwidth=\"640\" data-origheight=\"360\" src=\"https:\/\/www.youtube.com\/embed\/PaFI3rGiWlU?enablejsapi=1&#038;autoplay=0&#038;cc_load_policy=0&#038;cc_lang_pref=&#038;iv_load_policy=1&#038;loop=0&#038;rel=1&#038;fs=1&#038;playsinline=0&#038;autohide=2&#038;theme=dark&#038;color=red&#038;controls=1&#038;disablekb=0&#038;\" class=\"__youtube_prefs__  epyt-is-override  no-lazyload\" title=\"YouTube player\"  allow=\"fullscreen; accelerometer; autoplay; clipboard-write; encrypted-media; gyroscope; picture-in-picture; web-share\" referrerpolicy=\"strict-origin-when-cross-origin\" allowfullscreen data-no-lazy=\"1\" data-skipgform_ajax_framebjll=\"\"><\/iframe>\n<\/div><\/figure>\n","protected":false},"excerpt":{"rendered":"<p>El hecho ocurri\u00f3 el 8 de mayo, en las inmediaciones de San Mart\u00edn y Castelli, pero el video se viraliz\u00f3 durante el d\u00eda de hoy. Una menor de 11 a\u00f1os golpe\u00f3 a un ladr\u00f3n que intent\u00f3 atacar a su madre. \u00abEsto fue en la puerta de la casa del padre de las nenas, la segunda [&hellip;]<\/p>\n","protected":false},"author":4,"featured_media":53374,"comment_status":"open","ping_status":"closed","sticky":false,"template":"","format":"standard","meta":{"om_disable_all_campaigns":false,"_jetpack_memberships_contains_paid_content":false,"footnotes":""},"categories":[621],"tags":[],"class_list":["post-53373","post","type-post","status-publish","format-standard","has-post-thumbnail","hentry","category-regionales"],"aioseo_notices":[],"gutentor_comment":0,"jetpack_featured_media_url":"https:\/\/eldiariodesanpedro.com.ar\/sitio\/wp-content\/uploads\/2019\/05\/captura.jpg","jetpack_shortlink":"https:\/\/wp.me\/p6RhLt-dSR","jetpack_sharing_enabled":true,"_links":{"self":[{"href":"https:\/\/eldiariodesanpedro.com.ar\/sitio\/wp-json\/wp\/v2\/posts\/53373","targetHints":{"allow":["GET"]}}],"collection":[{"href":"https:\/\/eldiariodesanpedro.com.ar\/sitio\/wp-json\/wp\/v2\/posts"}],"about":[{"href":"https:\/\/eldiariodesanpedro.com.ar\/sitio\/wp-json\/wp\/v2\/types\/post"}],"author":[{"embeddable":true,"href":"https:\/\/eldiariodesanpedro.com.ar\/sitio\/wp-json\/wp\/v2\/users\/4"}],"replies":[{"embeddable":true,"href":"https:\/\/eldiariodesanpedro.com.ar\/sitio\/wp-json\/wp\/v2\/comments?post=53373"}],"version-history":[{"count":1,"href":"https:\/\/eldiariodesanpedro.com.ar\/sitio\/wp-json\/wp\/v2\/posts\/53373\/revisions"}],"predecessor-version":[{"id":53375,"href":"https:\/\/eldiariodesanpedro.com.ar\/sitio\/wp-json\/wp\/v2\/posts\/53373\/revisions\/53375"}],"wp:featuredmedia":[{"embeddable":true,"href":"https:\/\/eldiariodesanpedro.com.ar\/sitio\/wp-json\/wp\/v2\/media\/53374"}],"wp:attachment":[{"href":"https:\/\/eldiariodesanpedro.com.ar\/sitio\/wp-json\/wp\/v2\/media?parent=53373"}],"wp:term":[{"taxonomy":"category","embeddable":true,"href":"https:\/\/eldiariodesanpedro.com.ar\/sitio\/wp-json\/wp\/v2\/categories?post=53373"},{"taxonomy":"post_tag","embeddable":true,"href":"https:\/\/eldiariodesanpedro.com.ar\/sitio\/wp-json\/wp\/v2\/tags?post=53373"}],"curies":[{"name":"wp","href":"https:\/\/api.w.org\/{rel}","templated":true}]}}