{"id":53372,"date":"2019-05-24T10:32:54","date_gmt":"2019-05-24T13:32:54","guid":{"rendered":"https:\/\/eldiariodesanpedro.com.ar\/sitio\/?p=53372"},"modified":"2019-05-24T10:33:01","modified_gmt":"2019-05-24T13:33:01","slug":"un-automovil-choco-a-un-adolescente-en-bicicleta-y-se-dio-a-la-fuga","status":"publish","type":"post","link":"https:\/\/eldiariodesanpedro.com.ar\/sitio\/un-automovil-choco-a-un-adolescente-en-bicicleta-y-se-dio-a-la-fuga\/","title":{"rendered":"Un autom\u00f3vil choco a un adolescente en bicicleta y se dio a la fuga"},"content":{"rendered":"<!-- VideographyWP Plugin Message: Automatic video embedding prevented by plugin options. -->\n\n<p>El menor fue asistido por una mujer de 37 a\u00f1os de edad que se encontraba en el lugar. Testigos visualizaron a un veh\u00edculo marca Renault.<\/p>\n\n\n\n<p>Sucedi\u00f3 en intersecci\u00f3n de las calles Tres de Febrero y Jose Hernandez cuando un adolescente de 13 a\u00f1os de edad, circulaba en su bicicleta y es embestido por un autom\u00f3vil quien no detiene su marcha.<\/p>\n\n\n\n<p>Al arribo del m\u00f3vil policial el ni\u00f1o ya estaba siendo asistido por una mujer, quien presencio el hecho, contando que el  rodado en fuga se trataba de un auto marca Renault.<\/p>\n\n\n\n<p>Toma intervenci\u00f3n la Fiscalia Local.<br><\/p>\n","protected":false},"excerpt":{"rendered":"<p>El menor fue asistido por una mujer de 37 a\u00f1os de edad que se encontraba en el lugar. Testigos visualizaron a un veh\u00edculo marca Renault. Sucedi\u00f3 en intersecci\u00f3n de las calles Tres de Febrero y Jose Hernandez cuando un adolescente de 13 a\u00f1os de edad, circulaba en su bicicleta y es embestido por un autom\u00f3vil [&hellip;]<\/p>\n","protected":false},"author":4,"featured_media":44361,"comment_status":"open","ping_status":"closed","sticky":false,"template":"","format":"standard","meta":{"om_disable_all_campaigns":false,"_jetpack_memberships_contains_paid_content":false,"footnotes":""},"categories":[2],"tags":[],"class_list":["post-53372","post","type-post","status-publish","format-standard","has-post-thumbnail","hentry","category-locales"],"aioseo_notices":[],"gutentor_comment":0,"jetpack_featured_media_url":"https:\/\/eldiariodesanpedro.com.ar\/sitio\/wp-content\/uploads\/2018\/11\/ambulancia-same.jpg","jetpack_shortlink":"https:\/\/wp.me\/p6RhLt-dSQ","jetpack_sharing_enabled":true,"_links":{"self":[{"href":"https:\/\/eldiariodesanpedro.com.ar\/sitio\/wp-json\/wp\/v2\/posts\/53372","targetHints":{"allow":["GET"]}}],"collection":[{"href":"https:\/\/eldiariodesanpedro.com.ar\/sitio\/wp-json\/wp\/v2\/posts"}],"about":[{"href":"https:\/\/eldiariodesanpedro.com.ar\/sitio\/wp-json\/wp\/v2\/types\/post"}],"author":[{"embeddable":true,"href":"https:\/\/eldiariodesanpedro.com.ar\/sitio\/wp-json\/wp\/v2\/users\/4"}],"replies":[{"embeddable":true,"href":"https:\/\/eldiariodesanpedro.com.ar\/sitio\/wp-json\/wp\/v2\/comments?post=53372"}],"version-history":[{"count":1,"href":"https:\/\/eldiariodesanpedro.com.ar\/sitio\/wp-json\/wp\/v2\/posts\/53372\/revisions"}],"predecessor-version":[{"id":53377,"href":"https:\/\/eldiariodesanpedro.com.ar\/sitio\/wp-json\/wp\/v2\/posts\/53372\/revisions\/53377"}],"wp:featuredmedia":[{"embeddable":true,"href":"https:\/\/eldiariodesanpedro.com.ar\/sitio\/wp-json\/wp\/v2\/media\/44361"}],"wp:attachment":[{"href":"https:\/\/eldiariodesanpedro.com.ar\/sitio\/wp-json\/wp\/v2\/media?parent=53372"}],"wp:term":[{"taxonomy":"category","embeddable":true,"href":"https:\/\/eldiariodesanpedro.com.ar\/sitio\/wp-json\/wp\/v2\/categories?post=53372"},{"taxonomy":"post_tag","embeddable":true,"href":"https:\/\/eldiariodesanpedro.com.ar\/sitio\/wp-json\/wp\/v2\/tags?post=53372"}],"curies":[{"name":"wp","href":"https:\/\/api.w.org\/{rel}","templated":true}]}}