{"id":53368,"date":"2019-05-24T10:22:29","date_gmt":"2019-05-24T13:22:29","guid":{"rendered":"https:\/\/eldiariodesanpedro.com.ar\/sitio\/?p=53368"},"modified":"2019-05-24T10:22:39","modified_gmt":"2019-05-24T13:22:39","slug":"campana-los-falsos-policias-eran-policias","status":"publish","type":"post","link":"https:\/\/eldiariodesanpedro.com.ar\/sitio\/campana-los-falsos-policias-eran-policias\/","title":{"rendered":"CAMPANA: Los falsos Polic\u00edas, eran Polic\u00edas"},"content":{"rendered":"<!-- VideographyWP Plugin Message: Automatic video embedding prevented by plugin options. -->\n\n<p>Participaban de un operativo antidrogas, y estaban reclutando testigos para el procedimiento. D\u00edas pasados un joven denunci\u00f3 ante la Justicia Federal que hab\u00edan intentado \u201clevantarlo\u201d en una camioneta blanca, pero nunca le aclararon que el operativo era real. <\/p>\n\n\n\n<p>D\u00edas pasados, un joven denunci\u00f3 ante la Justicia Federal que hab\u00edan intentado \u201clevantarlo\u201d en una camioneta blanca, dos mujeres y un hombre con chalecos de la Polic\u00eda Federal. Sin embargo, se trataba ciertamente de efectivos que participaban de un operativo, del que al parecer, la propia Justicia Federal (o al menos quien tom\u00f3 la denuncia) no estaba al tanto.<\/p>\n\n\n\n<p>El joven hab\u00eda se\u00f1alado que con la excusa de llevarlo como testigo a un procedimiento, intentaron subirlo a la camioneta que no pose\u00eda identificaci\u00f3n. Al momento de denunciar el hecho, no le explicaron que el operativo\u2026era real.&nbsp;<\/p>\n\n\n\n<p>Incluso, los chalecos que el joven denunci\u00f3 haber visto con las siglas \u201cPFA\u201d no eran tales. Los efectivos pertenecientes a la Delegaci\u00f3n de Investigaciones de Drogas Il\u00edcitas de la Provincia, con asiento en nuestra Ciudad, portaban chalecos antibalas, y camperas con la identificaci\u00f3n de \u201cPolic\u00eda\u201d. Seg\u00fan relataron fuentes policiales, el personal siempre lleva consigo la identificaci\u00f3n correspondiente, ya sea visual como las credenciales oficiales, las cuales deben mostrar.<\/p>\n\n\n\n<p>Los polic\u00edas solicitaban testigos para un allanamiento que tuvo lugar en la Av. Mitre y Santiago del Estero, en el barrio D\u00e1lmine, cuyo resultado fue positivo. All\u00ed se logr\u00f3 incautar una escopeta y un rev\u00f3lver, los cuales habr\u00edan sido utilizados en distintos hechos delictivos.<\/p>\n\n\n\n<p>El propietario del lugar se encuentra imputado en una causa en el marco de la cual, d\u00edas pasados, hubo otro allanamiento. Aquella vez, en el barrio Siderca rojo, la Polic\u00eda secuestr\u00f3 droga fraccionada lista para la venta, armas y dinero en efectivo.&nbsp;<\/p>\n\n\n\n<p><strong>Fuente:&nbsp;<\/strong>Campana Noticias<\/p>\n","protected":false},"excerpt":{"rendered":"<p>Participaban de un operativo antidrogas, y estaban reclutando testigos para el procedimiento. D\u00edas pasados un joven denunci\u00f3 ante la Justicia Federal que hab\u00edan intentado \u201clevantarlo\u201d en una camioneta blanca, pero nunca le aclararon que el operativo era real. D\u00edas pasados, un joven denunci\u00f3 ante la Justicia Federal que hab\u00edan intentado \u201clevantarlo\u201d en una camioneta blanca, [&hellip;]<\/p>\n","protected":false},"author":4,"featured_media":53370,"comment_status":"open","ping_status":"closed","sticky":false,"template":"","format":"standard","meta":{"om_disable_all_campaigns":false,"_jetpack_memberships_contains_paid_content":false,"footnotes":""},"categories":[621],"tags":[],"class_list":["post-53368","post","type-post","status-publish","format-standard","has-post-thumbnail","hentry","category-regionales"],"aioseo_notices":[],"gutentor_comment":0,"jetpack_featured_media_url":"https:\/\/eldiariodesanpedro.com.ar\/sitio\/wp-content\/uploads\/2019\/05\/policias.jpg","jetpack_shortlink":"https:\/\/wp.me\/p6RhLt-dSM","jetpack_sharing_enabled":true,"_links":{"self":[{"href":"https:\/\/eldiariodesanpedro.com.ar\/sitio\/wp-json\/wp\/v2\/posts\/53368","targetHints":{"allow":["GET"]}}],"collection":[{"href":"https:\/\/eldiariodesanpedro.com.ar\/sitio\/wp-json\/wp\/v2\/posts"}],"about":[{"href":"https:\/\/eldiariodesanpedro.com.ar\/sitio\/wp-json\/wp\/v2\/types\/post"}],"author":[{"embeddable":true,"href":"https:\/\/eldiariodesanpedro.com.ar\/sitio\/wp-json\/wp\/v2\/users\/4"}],"replies":[{"embeddable":true,"href":"https:\/\/eldiariodesanpedro.com.ar\/sitio\/wp-json\/wp\/v2\/comments?post=53368"}],"version-history":[{"count":1,"href":"https:\/\/eldiariodesanpedro.com.ar\/sitio\/wp-json\/wp\/v2\/posts\/53368\/revisions"}],"predecessor-version":[{"id":53371,"href":"https:\/\/eldiariodesanpedro.com.ar\/sitio\/wp-json\/wp\/v2\/posts\/53368\/revisions\/53371"}],"wp:featuredmedia":[{"embeddable":true,"href":"https:\/\/eldiariodesanpedro.com.ar\/sitio\/wp-json\/wp\/v2\/media\/53370"}],"wp:attachment":[{"href":"https:\/\/eldiariodesanpedro.com.ar\/sitio\/wp-json\/wp\/v2\/media?parent=53368"}],"wp:term":[{"taxonomy":"category","embeddable":true,"href":"https:\/\/eldiariodesanpedro.com.ar\/sitio\/wp-json\/wp\/v2\/categories?post=53368"},{"taxonomy":"post_tag","embeddable":true,"href":"https:\/\/eldiariodesanpedro.com.ar\/sitio\/wp-json\/wp\/v2\/tags?post=53368"}],"curies":[{"name":"wp","href":"https:\/\/api.w.org\/{rel}","templated":true}]}}