{"id":53364,"date":"2019-05-24T10:20:27","date_gmt":"2019-05-24T13:20:27","guid":{"rendered":"https:\/\/eldiariodesanpedro.com.ar\/sitio\/?p=53364"},"modified":"2019-05-24T10:20:37","modified_gmt":"2019-05-24T13:20:37","slug":"arrecifes-un-muerto-en-un-accidente-en-ruta-8-y-191","status":"publish","type":"post","link":"https:\/\/eldiariodesanpedro.com.ar\/sitio\/arrecifes-un-muerto-en-un-accidente-en-ruta-8-y-191\/","title":{"rendered":"ARRECIFES: Un muerto en un accidente en ruta 8 y 191"},"content":{"rendered":"<!-- VideographyWP Plugin Message: Automatic video embedding prevented by plugin options. -->\n\n<p>Aproximadamente a las 17:30 de este jueves se produjo un accidente de tr\u00e1nsito en ruta 8 en su intersecci\u00f3n con ruta 191, sobre la estaci\u00f3n de servicios PUMA.<\/p>\n\n\n\n<p>Un cami\u00f3n estaba detenido sobre el play\u00f3n de la estaci\u00f3n de servicios, en sentido Arrecifes-Capit\u00e1n Sarmiento, aguardando para doblar a la izquierda y tomar ruta 191 en direcci\u00f3n a San Pedro. De imprevisto, un Ford Galaxy que circulaba por ruta 8 en sentido contrario, se cruz\u00f3 de mano e impact\u00f3 de frente contra el cami\u00f3n.<\/p>\n\n\n\n<p>Se desconocen la causas de la maniobra del conductor del auto. Se supone que fue encandilado por el sol y por ello no vio que se dirig\u00eda hacia la mano contraria o estaba intentando ingresar a la estaci\u00f3n de servicios.<\/p>\n\n\n\n<p>Lamentablemente, el \u00fanico tripulante del Galaxy perdi\u00f3 la vida en el acto. Se trata de una persona de 29 a\u00f1os de edad, oriundo de Capital Federal.<\/p>\n\n\n\n<p>Trabajaron en el lugar Bomberos Voluntarios, Polic\u00eda, Patrulla Urbana y personal del SAME.<\/p>\n\n\n\n<p>Fuente: Arrecifes Noticias<\/p>\n\n\n\n<figure class=\"wp-block-image\"><img decoding=\"async\" width=\"839\" height=\"519\" data-attachment-id=\"53366\" data-permalink=\"https:\/\/eldiariodesanpedro.com.ar\/sitio\/arrecifes-un-muerto-en-un-accidente-en-ruta-8-y-191\/accidente-ruta-8-puma\/\" data-orig-file=\"https:\/\/eldiariodesanpedro.com.ar\/sitio\/wp-content\/uploads\/2019\/05\/Accidente-ruta-8-PUMA.jpg\" data-orig-size=\"839,519\" data-comments-opened=\"1\" data-image-meta=\"{&quot;aperture&quot;:&quot;0&quot;,&quot;credit&quot;:&quot;&quot;,&quot;camera&quot;:&quot;&quot;,&quot;caption&quot;:&quot;&quot;,&quot;created_timestamp&quot;:&quot;0&quot;,&quot;copyright&quot;:&quot;&quot;,&quot;focal_length&quot;:&quot;0&quot;,&quot;iso&quot;:&quot;0&quot;,&quot;shutter_speed&quot;:&quot;0&quot;,&quot;title&quot;:&quot;&quot;,&quot;orientation&quot;:&quot;0&quot;}\" data-image-title=\"Accidente-ruta-8-PUMA\" data-image-description=\"\" data-image-caption=\"\" data-large-file=\"https:\/\/eldiariodesanpedro.com.ar\/sitio\/wp-content\/uploads\/2019\/05\/Accidente-ruta-8-PUMA.jpg\" data-src=\"https:\/\/eldiariodesanpedro.com.ar\/sitio\/wp-content\/uploads\/2019\/05\/Accidente-ruta-8-PUMA.jpg\" alt=\"\" class=\"wp-image-53366 lazyload\" data-srcset=\"https:\/\/eldiariodesanpedro.com.ar\/sitio\/wp-content\/uploads\/2019\/05\/Accidente-ruta-8-PUMA.jpg 839w, https:\/\/eldiariodesanpedro.com.ar\/sitio\/wp-content\/uploads\/2019\/05\/Accidente-ruta-8-PUMA-300x186.jpg 300w, https:\/\/eldiariodesanpedro.com.ar\/sitio\/wp-content\/uploads\/2019\/05\/Accidente-ruta-8-PUMA-768x475.jpg 768w\" data-sizes=\"(max-width: 839px) 100vw, 839px\" src=\"data:image\/svg+xml;base64,PHN2ZyB3aWR0aD0iMSIgaGVpZ2h0PSIxIiB4bWxucz0iaHR0cDovL3d3dy53My5vcmcvMjAwMC9zdmciPjwvc3ZnPg==\" style=\"--smush-placeholder-width: 839px; --smush-placeholder-aspect-ratio: 839\/519;\" \/><\/figure>\n","protected":false},"excerpt":{"rendered":"<p>Aproximadamente a las 17:30 de este jueves se produjo un accidente de tr\u00e1nsito en ruta 8 en su intersecci\u00f3n con ruta 191, sobre la estaci\u00f3n de servicios PUMA. Un cami\u00f3n estaba detenido sobre el play\u00f3n de la estaci\u00f3n de servicios, en sentido Arrecifes-Capit\u00e1n Sarmiento, aguardando para doblar a la izquierda y tomar ruta 191 en [&hellip;]<\/p>\n","protected":false},"author":4,"featured_media":53365,"comment_status":"open","ping_status":"closed","sticky":false,"template":"","format":"standard","meta":{"om_disable_all_campaigns":false,"_jetpack_memberships_contains_paid_content":false,"footnotes":""},"categories":[621],"tags":[],"class_list":["post-53364","post","type-post","status-publish","format-standard","has-post-thumbnail","hentry","category-regionales"],"aioseo_notices":[],"gutentor_comment":0,"jetpack_featured_media_url":"https:\/\/eldiariodesanpedro.com.ar\/sitio\/wp-content\/uploads\/2019\/05\/Accidente-ruta-8-PUMA-2-822x510.jpg","jetpack_shortlink":"https:\/\/wp.me\/p6RhLt-dSI","jetpack_sharing_enabled":true,"_links":{"self":[{"href":"https:\/\/eldiariodesanpedro.com.ar\/sitio\/wp-json\/wp\/v2\/posts\/53364","targetHints":{"allow":["GET"]}}],"collection":[{"href":"https:\/\/eldiariodesanpedro.com.ar\/sitio\/wp-json\/wp\/v2\/posts"}],"about":[{"href":"https:\/\/eldiariodesanpedro.com.ar\/sitio\/wp-json\/wp\/v2\/types\/post"}],"author":[{"embeddable":true,"href":"https:\/\/eldiariodesanpedro.com.ar\/sitio\/wp-json\/wp\/v2\/users\/4"}],"replies":[{"embeddable":true,"href":"https:\/\/eldiariodesanpedro.com.ar\/sitio\/wp-json\/wp\/v2\/comments?post=53364"}],"version-history":[{"count":1,"href":"https:\/\/eldiariodesanpedro.com.ar\/sitio\/wp-json\/wp\/v2\/posts\/53364\/revisions"}],"predecessor-version":[{"id":53367,"href":"https:\/\/eldiariodesanpedro.com.ar\/sitio\/wp-json\/wp\/v2\/posts\/53364\/revisions\/53367"}],"wp:featuredmedia":[{"embeddable":true,"href":"https:\/\/eldiariodesanpedro.com.ar\/sitio\/wp-json\/wp\/v2\/media\/53365"}],"wp:attachment":[{"href":"https:\/\/eldiariodesanpedro.com.ar\/sitio\/wp-json\/wp\/v2\/media?parent=53364"}],"wp:term":[{"taxonomy":"category","embeddable":true,"href":"https:\/\/eldiariodesanpedro.com.ar\/sitio\/wp-json\/wp\/v2\/categories?post=53364"},{"taxonomy":"post_tag","embeddable":true,"href":"https:\/\/eldiariodesanpedro.com.ar\/sitio\/wp-json\/wp\/v2\/tags?post=53364"}],"curies":[{"name":"wp","href":"https:\/\/api.w.org\/{rel}","templated":true}]}}