{"id":53361,"date":"2019-05-24T10:18:23","date_gmt":"2019-05-24T13:18:23","guid":{"rendered":"https:\/\/eldiariodesanpedro.com.ar\/sitio\/?p=53361"},"modified":"2019-05-24T10:18:34","modified_gmt":"2019-05-24T13:18:34","slug":"arrecifes-le-pegaron-a-un-cobrador-de-estacionamiento","status":"publish","type":"post","link":"https:\/\/eldiariodesanpedro.com.ar\/sitio\/arrecifes-le-pegaron-a-un-cobrador-de-estacionamiento\/","title":{"rendered":"ARRECIFES: Le pegaron a un cobrador de estacionamiento"},"content":{"rendered":"<!-- VideographyWP Plugin Message: Automatic video embedding prevented by plugin options. -->\n\n<p>En la tarde de este mi\u00e9rcoles, aproximadamente a las 18:00, se produjo un incidente que tuvo como protagonistas a una joven mujer automovilista y a un trabajador que cobra las tarjetas de estacionamiento medido.<\/p>\n\n\n\n<p>El hecho ocurri\u00f3 en Avenida Merlassino, entre Francia e Italia, cuando una chica estacion\u00f3 el auto que conduc\u00eda y el vendedor de tarjetas se acerc\u00f3 a cobrarle los $ 5.- que cuesta la media hora.<\/p>\n\n\n\n<p>Sin descender del veh\u00edculo, la mujer se neg\u00f3 a pagarle y comenz\u00f3 a agraviar a los gritos al trabajador, a tal punto que llam\u00f3 la atenci\u00f3n de la gente que se encontraba en las cercan\u00edas y se detuvo a observar, incr\u00e9dula. No pod\u00edan entender que la joven se pusiera tan fuera de s\u00ed por negarse a pagar cinco pesos.<\/p>\n\n\n\n<p>Entretanto el trabajador, siempre respetuoso y sin responder a los insultos, le explicaba que ten\u00eda que abonar la tarjeta y que hac\u00eda unos minutos la hab\u00eda visto estacionar en la cuadra anterior, donde tampoco pag\u00f3. Pero no la pudo convencer.<\/p>\n\n\n\n<p>Fue all\u00ed cuando el vendedor, de acuerdo a lo que le corresponde pos su trabajo, le tom\u00f3 una foto al veh\u00edculo para constatar la falta. Esto sac\u00f3 a\u00fan m\u00e1s de quicio a la chica, que se baj\u00f3 del auto y le peg\u00f3 una fuerte cachetada al joven, haci\u00e9ndole caer todo lo que llevaba en sus manos.<\/p>\n\n\n\n<p>El trabajador llam\u00f3 por tel\u00e9fono a los inspectores municipales mientras la mujer tambi\u00e9n llamaba por tel\u00e9fono te\u00f3ricamente al marido, que despu\u00e9s arrib\u00f3 al lugar casi al mismo tiempo que personal de la Patrulla Urbana. As\u00ed lo relat\u00f3 en Radio Uno (107.1) una testigo del hecho.<\/p>\n\n\n\n<p>El secretario de Seguridad, Dr. Jos\u00e9 Mar\u00eda Tenorio, confirm\u00f3 luego que este incalificable incidente termin\u00f3 en una denuncia hacia la mujer radicada por el trabajador.<\/p>\n\n\n\n<p>Fuente Arrecifes Noticias<\/p>\n","protected":false},"excerpt":{"rendered":"<p>En la tarde de este mi\u00e9rcoles, aproximadamente a las 18:00, se produjo un incidente que tuvo como protagonistas a una joven mujer automovilista y a un trabajador que cobra las tarjetas de estacionamiento medido. El hecho ocurri\u00f3 en Avenida Merlassino, entre Francia e Italia, cuando una chica estacion\u00f3 el auto que conduc\u00eda y el vendedor [&hellip;]<\/p>\n","protected":false},"author":4,"featured_media":53362,"comment_status":"open","ping_status":"closed","sticky":false,"template":"","format":"standard","meta":{"om_disable_all_campaigns":false,"_jetpack_memberships_contains_paid_content":false,"footnotes":""},"categories":[621],"tags":[],"class_list":["post-53361","post","type-post","status-publish","format-standard","has-post-thumbnail","hentry","category-regionales"],"aioseo_notices":[],"gutentor_comment":0,"jetpack_featured_media_url":"https:\/\/eldiariodesanpedro.com.ar\/sitio\/wp-content\/uploads\/2019\/05\/Estacionamiento-medido.jpg","jetpack_shortlink":"https:\/\/wp.me\/p6RhLt-dSF","jetpack_sharing_enabled":true,"_links":{"self":[{"href":"https:\/\/eldiariodesanpedro.com.ar\/sitio\/wp-json\/wp\/v2\/posts\/53361","targetHints":{"allow":["GET"]}}],"collection":[{"href":"https:\/\/eldiariodesanpedro.com.ar\/sitio\/wp-json\/wp\/v2\/posts"}],"about":[{"href":"https:\/\/eldiariodesanpedro.com.ar\/sitio\/wp-json\/wp\/v2\/types\/post"}],"author":[{"embeddable":true,"href":"https:\/\/eldiariodesanpedro.com.ar\/sitio\/wp-json\/wp\/v2\/users\/4"}],"replies":[{"embeddable":true,"href":"https:\/\/eldiariodesanpedro.com.ar\/sitio\/wp-json\/wp\/v2\/comments?post=53361"}],"version-history":[{"count":1,"href":"https:\/\/eldiariodesanpedro.com.ar\/sitio\/wp-json\/wp\/v2\/posts\/53361\/revisions"}],"predecessor-version":[{"id":53363,"href":"https:\/\/eldiariodesanpedro.com.ar\/sitio\/wp-json\/wp\/v2\/posts\/53361\/revisions\/53363"}],"wp:featuredmedia":[{"embeddable":true,"href":"https:\/\/eldiariodesanpedro.com.ar\/sitio\/wp-json\/wp\/v2\/media\/53362"}],"wp:attachment":[{"href":"https:\/\/eldiariodesanpedro.com.ar\/sitio\/wp-json\/wp\/v2\/media?parent=53361"}],"wp:term":[{"taxonomy":"category","embeddable":true,"href":"https:\/\/eldiariodesanpedro.com.ar\/sitio\/wp-json\/wp\/v2\/categories?post=53361"},{"taxonomy":"post_tag","embeddable":true,"href":"https:\/\/eldiariodesanpedro.com.ar\/sitio\/wp-json\/wp\/v2\/tags?post=53361"}],"curies":[{"name":"wp","href":"https:\/\/api.w.org\/{rel}","templated":true}]}}