{"id":53334,"date":"2019-05-23T12:25:37","date_gmt":"2019-05-23T15:25:37","guid":{"rendered":"https:\/\/eldiariodesanpedro.com.ar\/sitio\/?p=53334"},"modified":"2019-05-23T12:25:47","modified_gmt":"2019-05-23T15:25:47","slug":"san-nicolas-detienen-a-delincuentes-tras-cometer-7-robos","status":"publish","type":"post","link":"https:\/\/eldiariodesanpedro.com.ar\/sitio\/san-nicolas-detienen-a-delincuentes-tras-cometer-7-robos\/","title":{"rendered":"SAN NICOL\u00c1S: Detienen a delincuentes tras cometer 7 robos"},"content":{"rendered":"<!-- VideographyWP Plugin Message: Automatic video embedding prevented by plugin options. -->\n\n<p>\n\nDos sujetos fueron detenidos luego de cometer 7 robos en horas en la ma\u00f1ana de este mi\u00e9rcoles. Gracias a las c\u00e1maras de seguridad lograron identificarlos. Deber\u00e1n prestar declaraci\u00f3n ante la fiscal\u00eda en turno.<\/p>\n\n\n\n<p>A bordo de una moto, dos masculinos mayores de edad, concretaron 7 robos calificados en un raid delictivo que comenz\u00f3 a las 8:00 de la ma\u00f1ana. Primero ingresaron encapuchados a un supermercado chino ubicado en calle Las Heras y Juan B. Justo, llev\u00e1ndose dinero de la caja.<br><br>La segunda v\u00edctima fue una mujer que sal\u00eda de un departamento. La tercera otra mujer que caminaba por la calle. El cuarto hecho de robo lo cometieron en la farmacia Conde de Brown y Naci\u00f3n, all\u00ed asaltaron a los clientes y al farmac\u00e9utico. El quinto robo fue en intersecci\u00f3n de Jos\u00e9 Ingenieros y Soler a un repartidor a quien le sustrajeron dinero. Tambi\u00e9n asaltaron a una repartidora de pan a la altura de calle Reynoso al 300 y una panader\u00eda en barrio Alto Verde.<br><br>Al tomar conocimiento de lo ocurrido, la polic\u00eda inici\u00f3 un operativo cerrojo para dar con los delincuentes y pidi\u00f3 al personal de la central de monitoreo que se aboque a la individualizaci\u00f3n de los sujetos. Las c\u00e1maras municipales lograron registrar a los ladrones cuando estaban escapando en direcci\u00f3n a la zona norte.<br><br>En un r\u00e1pido accionar, se pudo interceptar a uno de ellos cuando ingresaba a un domicilio de barrio Alto Verde en calle Coronel Melli\u00e1n entre Urquiza y Dorrego. Se trata de Maximiliano Joaqu\u00edn Alcaraz, de 23 a\u00f1os. En su poder se secuestr\u00f3 un arma de fuego, pistola de calibre 22 largo, adem\u00e1s de dinero en efectivo y un casco.<br><br>Su c\u00f3mplice, Lucas Adri\u00e1n Segovia de 25 a\u00f1os, fue aprehendido horas despu\u00e9s en una vivienda de barrio Mitre. Se le secuestr\u00f3 la motocicleta en la que se movilizaba y parte del bot\u00edn que obtuvieran en este raid delictivo.\u00a0<br><br>Ambos delincuentes mayores de edad y que cuentan con antecedentes por delitos anteriores fueron alojados en los calabozos en dependencias policiales a disposici\u00f3n de la justicia a la espera de su condena.\u00a0<br><br>Las fuerzas de seguridad contin\u00faan realizando tareas investigativas que podr\u00edan arrojar como resultado que los detenidos pueden ser autores de otros il\u00edcitos cometidos en los \u00faltimos tiempos estudi\u00e1ndose a tal fin distintos videos y testimonios aportados en atracos de similar modalidad tanto en nuestra ciudad como en localidades vecinas.<\/p>\n\n\n\n<p>Fuente: Diario El Informante<\/p>\n","protected":false},"excerpt":{"rendered":"<p>Dos sujetos fueron detenidos luego de cometer 7 robos en horas en la ma\u00f1ana de este mi\u00e9rcoles. Gracias a las c\u00e1maras de seguridad lograron identificarlos. Deber\u00e1n prestar declaraci\u00f3n ante la fiscal\u00eda en turno. A bordo de una moto, dos masculinos mayores de edad, concretaron 7 robos calificados en un raid delictivo que comenz\u00f3 a las [&hellip;]<\/p>\n","protected":false},"author":4,"featured_media":53335,"comment_status":"open","ping_status":"closed","sticky":false,"template":"","format":"standard","meta":{"om_disable_all_campaigns":false,"_jetpack_memberships_contains_paid_content":false,"footnotes":""},"categories":[621],"tags":[],"class_list":["post-53334","post","type-post","status-publish","format-standard","has-post-thumbnail","hentry","category-regionales"],"aioseo_notices":[],"gutentor_comment":0,"jetpack_featured_media_url":"https:\/\/eldiariodesanpedro.com.ar\/sitio\/wp-content\/uploads\/2019\/05\/conmarca20196.jpg","jetpack_shortlink":"https:\/\/wp.me\/p6RhLt-dSe","jetpack_sharing_enabled":true,"_links":{"self":[{"href":"https:\/\/eldiariodesanpedro.com.ar\/sitio\/wp-json\/wp\/v2\/posts\/53334","targetHints":{"allow":["GET"]}}],"collection":[{"href":"https:\/\/eldiariodesanpedro.com.ar\/sitio\/wp-json\/wp\/v2\/posts"}],"about":[{"href":"https:\/\/eldiariodesanpedro.com.ar\/sitio\/wp-json\/wp\/v2\/types\/post"}],"author":[{"embeddable":true,"href":"https:\/\/eldiariodesanpedro.com.ar\/sitio\/wp-json\/wp\/v2\/users\/4"}],"replies":[{"embeddable":true,"href":"https:\/\/eldiariodesanpedro.com.ar\/sitio\/wp-json\/wp\/v2\/comments?post=53334"}],"version-history":[{"count":1,"href":"https:\/\/eldiariodesanpedro.com.ar\/sitio\/wp-json\/wp\/v2\/posts\/53334\/revisions"}],"predecessor-version":[{"id":53336,"href":"https:\/\/eldiariodesanpedro.com.ar\/sitio\/wp-json\/wp\/v2\/posts\/53334\/revisions\/53336"}],"wp:featuredmedia":[{"embeddable":true,"href":"https:\/\/eldiariodesanpedro.com.ar\/sitio\/wp-json\/wp\/v2\/media\/53335"}],"wp:attachment":[{"href":"https:\/\/eldiariodesanpedro.com.ar\/sitio\/wp-json\/wp\/v2\/media?parent=53334"}],"wp:term":[{"taxonomy":"category","embeddable":true,"href":"https:\/\/eldiariodesanpedro.com.ar\/sitio\/wp-json\/wp\/v2\/categories?post=53334"},{"taxonomy":"post_tag","embeddable":true,"href":"https:\/\/eldiariodesanpedro.com.ar\/sitio\/wp-json\/wp\/v2\/tags?post=53334"}],"curies":[{"name":"wp","href":"https:\/\/api.w.org\/{rel}","templated":true}]}}