{"id":53331,"date":"2019-05-23T11:56:25","date_gmt":"2019-05-23T14:56:25","guid":{"rendered":"https:\/\/eldiariodesanpedro.com.ar\/sitio\/?p=53331"},"modified":"2019-05-23T11:56:32","modified_gmt":"2019-05-23T14:56:32","slug":"tras-otro-grave-hecho-delictivo-en-zona-rural-la-camara-de-viverista-envio-una-carta-a-ritondo","status":"publish","type":"post","link":"https:\/\/eldiariodesanpedro.com.ar\/sitio\/tras-otro-grave-hecho-delictivo-en-zona-rural-la-camara-de-viverista-envio-una-carta-a-ritondo\/","title":{"rendered":"Tras otro grave hecho delictivo en zona rural, la c\u00e1mara de Viverista envi\u00f3 una carta a Ritondo"},"content":{"rendered":"<!-- VideographyWP Plugin Message: Automatic video embedding prevented by plugin options. -->\n\n<p>\u00abLa polic\u00eda realiza contravenciones a diario, y se han esclarecido varios hechos delictivos, (aunque los responsables inmediatamente fueron puestos en libertad) seguimos sufriendo violentos episodios\u00bb, confirmaba Liliana,  un integrante de la c\u00e1mara a nuestra redacci\u00f3n.<\/p>\n\n\n\n<p>El ultimo hecho que se pudo conocer esta ma\u00f1ana, sucedi\u00f3 en una estancia ubicada en cercan\u00edas de Maxi Consumo, donde delincuentes ignorados ingresaron y sustrajeron un acoplado, un frezzer,  una heladera, dos motosierras, y violentaron una caja de seguridad que se encontraba en el interior de la morada.<\/p>\n\n\n\n<p>\u00abLa due\u00f1a es una persona mayor de edad, esta muy angustiada y tiene mucho miedo, pide ayuda. Nosotros desde la c\u00e1mara de viveristas le enviamos una nota al Ministro de Seguridad, Cristian Ritondo para que conozca nuestra situaci\u00f3n, necesitamos mas m\u00f3viles policiales, no alcanzan y que no suelten a los delincuentes\u00bb, culmino.<\/p>\n\n\n\n<p>Carta al Ministro de Seguridad, Ritondo:<\/p>\n\n\n\n<p>&nbsp;&nbsp;&nbsp;&nbsp;&nbsp;&nbsp;&nbsp;&nbsp;&nbsp;&nbsp;&nbsp;&nbsp;&nbsp;&nbsp;&nbsp;&nbsp;&nbsp;&nbsp;&nbsp;&nbsp;&nbsp;&nbsp;&nbsp;&nbsp;&nbsp;&nbsp;&nbsp;&nbsp;&nbsp;&nbsp;&nbsp;&nbsp;&nbsp;&nbsp;&nbsp;&nbsp;&nbsp;&nbsp;&nbsp;&nbsp; San\nPedro, 22 de mayo de 2019.-<\/p>\n\n\n\n<p>SR. Mtro de seguridad\nde la &nbsp;Pcia de &nbsp;Bs.As.<\/p>\n\n\n\n<p>DR. CRISTIAN\nRITONDO<\/p>\n\n\n\n<p>LA PLATA<\/p>\n\n\n\n<p>De nuestra\nconsideraci\u00f3n:<\/p>\n\n\n\n<p>&nbsp;&nbsp;&nbsp;&nbsp;&nbsp;&nbsp;&nbsp;&nbsp;&nbsp;&nbsp;&nbsp;&nbsp;&nbsp;&nbsp;&nbsp;&nbsp;&nbsp;&nbsp;&nbsp;&nbsp;&nbsp;&nbsp;&nbsp;&nbsp;&nbsp;&nbsp;&nbsp;&nbsp;&nbsp;&nbsp;&nbsp;&nbsp;&nbsp;&nbsp; &nbsp;&nbsp;&nbsp;&nbsp;&nbsp;&nbsp;&nbsp;&nbsp;&nbsp;&nbsp;&nbsp;&nbsp;&nbsp; Los abajo firmantes, vecinos de\nla zona rural de San Pedro, nos dirigirnos a Ud., con la finalidad de trasmitirle\nla problem\u00e1tica que venimos sufriendo desde hace a\u00f1os, sin que se nos brinde\nuna soluci\u00f3n efectiva por parte de quienes deben hacerlo.<\/p>\n\n\n\n<p>&nbsp;&nbsp;&nbsp;&nbsp;&nbsp;&nbsp;&nbsp;&nbsp;&nbsp;&nbsp;&nbsp;&nbsp;&nbsp;&nbsp;&nbsp;&nbsp;&nbsp;&nbsp;&nbsp;&nbsp;&nbsp;&nbsp;&nbsp;&nbsp;&nbsp;&nbsp;&nbsp;&nbsp;&nbsp;&nbsp;&nbsp;&nbsp;&nbsp;&nbsp; Todos\ntrabajamos en distintas actividades relacionadas al campo, y todos hemos\nsufrido hechos de inseguridad, muchos de nosotros hasta m\u00e1s de 30 sucesos, lo\nque significa; golpes duros a la econom\u00eda, a la moral, a tal punto que ya\nexisten productores que optaron por no trabajar m\u00e1s algunos lotes de los m\u00e1s\nviolentados, dejando cientos de hect\u00e1reas sin cosechas en una de las zonas m\u00e1s\nproductivas de la provincia. Sin contar las casas abandonadas, convertidas en taperas\ndebido al miedo que se hizo carne, en especial en aquellos que fueron\nultrajados.<\/p>\n\n\n\n<p>&nbsp;&nbsp;&nbsp;&nbsp;&nbsp;&nbsp;&nbsp;&nbsp;&nbsp;&nbsp;&nbsp;&nbsp;&nbsp;&nbsp;&nbsp;&nbsp;&nbsp;&nbsp;&nbsp;&nbsp;&nbsp;&nbsp;&nbsp;&nbsp;&nbsp;&nbsp;&nbsp;&nbsp;&nbsp;&nbsp;&nbsp;&nbsp;&nbsp;&nbsp; Hace\nun tiempo, tuvimos una reuni\u00f3n con autoridades municipales, policiales y de\ndistintas organizaciones rurales, y se organiz\u00f3 un plan de acci\u00f3n con\ncompromiso de los vecinos, y de las autoridades policiales, que produjo una\nmejor\u00eda en la prevenci\u00f3n y dejaron de andar sujetos por las zonas sensibles\ndurante alg\u00fan tiempo. Ahora, con la merma del personal de la Patrulla Rural,\npor distintos temas, comenzaron a verse nuevamente y tambi\u00e9n se incrementaron\nlos hechos delictivos especialmente contra viveros, galpones de pollos y ganado\nmayor.<\/p>\n\n\n\n<p>&nbsp;&nbsp;&nbsp;&nbsp;&nbsp;&nbsp;&nbsp;&nbsp;&nbsp;&nbsp;&nbsp;&nbsp;&nbsp;&nbsp;&nbsp;&nbsp;&nbsp;&nbsp;&nbsp;&nbsp;&nbsp;&nbsp;&nbsp;&nbsp;&nbsp;&nbsp;&nbsp;&nbsp;&nbsp;&nbsp;&nbsp;&nbsp;&nbsp;&nbsp; Ante\n\u00e9sta realidad, es que solicitamos una reuni\u00f3n con los responsables de la\nPolic\u00eda Rural, quienes nos manifestaron que ponen la totalidad del personal a\nprevenir, que los m\u00f3viles andan las 24 horas., que coordinan con Polic\u00eda\nDistrital, pero no obstante ello, los hechos siguen ocurriendo. Tambi\u00e9n\nmanifestaron que realizan contravenciones a diario, y que han esclarecido\nvarios hechos delictivos, (aunque los responsables inmediatamente fueron\npuestos en libertad). <\/p>\n\n\n\n<p>&nbsp;&nbsp;&nbsp;&nbsp;&nbsp;&nbsp;&nbsp;&nbsp;&nbsp;&nbsp;&nbsp;&nbsp;&nbsp;&nbsp;&nbsp;&nbsp;&nbsp;&nbsp;&nbsp;&nbsp;&nbsp;&nbsp;&nbsp;&nbsp;&nbsp;&nbsp;&nbsp;&nbsp;&nbsp;&nbsp;&nbsp;&nbsp;&nbsp;&nbsp; San\nPedro es un lugar donde el campo es m\u00e1s castigado. Mucho m\u00e1s que los partidos\nvecinos, y todos coincidimos en que uno de los motivos es que en el Barrio \u201cLos\nCazadores\u201d, m\u00e1s conocido como Barrio \u201cLa Tosquera\u201d, habitan familias enteras\nque se dedican a delinquir, y es com\u00fan que all\u00e1 vayan a parar los elementos\nsustra\u00eddos, ya sean plantines de viveros, pollos, ganado vacuno o herramientas.<\/p>\n\n\n\n<p>&nbsp;Los procedimientos\nrealizados por la polic\u00eda, que en muchos casos detuvieron a autores de los\nhechos, con secuestro de lo sustra\u00eddo, terminaron casi siempre con la libertad\nde los autores, que inmediatamente siguieron con sus acciones delictivas. Por\n\u00e9sta raz\u00f3n, es que solicitamos a Ud. disponga &nbsp;de forma imperiosa las medidas necesarias para\nrevertir \u00e9sta situaci\u00f3n, sugiriendo que se disponga de una Fiscal\u00eda tem\u00e1tica en\nDelitos Rurales, o por lo menos un Instructor que se dedique exclusivamente a\nello.<\/p>\n\n\n\n<p>&nbsp;&nbsp;&nbsp;&nbsp;&nbsp;&nbsp;&nbsp;&nbsp;&nbsp;&nbsp;&nbsp;&nbsp;&nbsp;&nbsp;&nbsp;&nbsp;&nbsp;&nbsp;&nbsp;&nbsp;&nbsp;&nbsp;&nbsp;&nbsp;&nbsp;&nbsp;&nbsp;&nbsp;&nbsp;&nbsp;&nbsp;&nbsp;&nbsp;&nbsp; Asimismo\nsolicitamos que se incremente el n\u00famero de miembros de la Polic\u00eda Rural,\nhaci\u00e9ndole saber al Sr. Ministro, que el reclutamiento de Sampedrinos para los\ninstitutos policiales, siempre es elevado, y generalmente, gran parte de los\nefectivos, son destinados a otras ciudades, cuando evidentemente hacen falta en\nnuestro partido, especialmente en zonas rurales. Necesitamos de su pronta\nintervenci\u00f3n y la incorporaci\u00f3n de personal permanente en la polic\u00eda rural, ya\nque suelen mandar efectivos de otra zona por un tiempo. Somos personas de \u201ctrabajo\u201d\n, que como nuestros abuelos, lo \u00fanico que queremos es seguir produciendo para\nhacer de \u00e9ste un pa\u00eds en el que se pueda \u201cvivir\u201d tranquilos y que los que est\u00e9n\natr\u00e1s de las rejas sean los delincuentes, no nosotros.<\/p>\n\n\n\n<p>\u00a0\u00a0\u00a0\u00a0\u00a0\u00a0\u00a0\u00a0\u00a0\u00a0\u00a0\u00a0\u00a0\u00a0\u00a0\u00a0\u00a0\u00a0\u00a0 \u00a0\u00a0\u00a0\u00a0\u00a0\u00a0\u00a0\u00a0\u00a0\u00a0\u00a0Nos despedimos de UD atte, y en espera de una respuesta favorable.<\/p>\n","protected":false},"excerpt":{"rendered":"<p>\u00abLa polic\u00eda realiza contravenciones a diario, y se han esclarecido varios hechos delictivos, (aunque los responsables inmediatamente fueron puestos en libertad) seguimos sufriendo violentos episodios\u00bb, confirmaba Liliana, un integrante de la c\u00e1mara a nuestra redacci\u00f3n. El ultimo hecho que se pudo conocer esta ma\u00f1ana, sucedi\u00f3 en una estancia ubicada en cercan\u00edas de Maxi Consumo, donde [&hellip;]<\/p>\n","protected":false},"author":4,"featured_media":35695,"comment_status":"open","ping_status":"closed","sticky":false,"template":"","format":"standard","meta":{"om_disable_all_campaigns":false,"_jetpack_memberships_contains_paid_content":false,"footnotes":""},"categories":[50,101,2],"tags":[],"class_list":["post-53331","post","type-post","status-publish","format-standard","has-post-thumbnail","hentry","category-destacadas","category-interes-general-locales","category-locales"],"aioseo_notices":[],"gutentor_comment":0,"jetpack_featured_media_url":"https:\/\/eldiariodesanpedro.com.ar\/sitio\/wp-content\/uploads\/2018\/07\/Violento-robo-en-la-quinta-El-Guardi\u00e1n.jpg","jetpack_shortlink":"https:\/\/wp.me\/p6RhLt-dSb","jetpack_sharing_enabled":true,"_links":{"self":[{"href":"https:\/\/eldiariodesanpedro.com.ar\/sitio\/wp-json\/wp\/v2\/posts\/53331","targetHints":{"allow":["GET"]}}],"collection":[{"href":"https:\/\/eldiariodesanpedro.com.ar\/sitio\/wp-json\/wp\/v2\/posts"}],"about":[{"href":"https:\/\/eldiariodesanpedro.com.ar\/sitio\/wp-json\/wp\/v2\/types\/post"}],"author":[{"embeddable":true,"href":"https:\/\/eldiariodesanpedro.com.ar\/sitio\/wp-json\/wp\/v2\/users\/4"}],"replies":[{"embeddable":true,"href":"https:\/\/eldiariodesanpedro.com.ar\/sitio\/wp-json\/wp\/v2\/comments?post=53331"}],"version-history":[{"count":1,"href":"https:\/\/eldiariodesanpedro.com.ar\/sitio\/wp-json\/wp\/v2\/posts\/53331\/revisions"}],"predecessor-version":[{"id":53332,"href":"https:\/\/eldiariodesanpedro.com.ar\/sitio\/wp-json\/wp\/v2\/posts\/53331\/revisions\/53332"}],"wp:featuredmedia":[{"embeddable":true,"href":"https:\/\/eldiariodesanpedro.com.ar\/sitio\/wp-json\/wp\/v2\/media\/35695"}],"wp:attachment":[{"href":"https:\/\/eldiariodesanpedro.com.ar\/sitio\/wp-json\/wp\/v2\/media?parent=53331"}],"wp:term":[{"taxonomy":"category","embeddable":true,"href":"https:\/\/eldiariodesanpedro.com.ar\/sitio\/wp-json\/wp\/v2\/categories?post=53331"},{"taxonomy":"post_tag","embeddable":true,"href":"https:\/\/eldiariodesanpedro.com.ar\/sitio\/wp-json\/wp\/v2\/tags?post=53331"}],"curies":[{"name":"wp","href":"https:\/\/api.w.org\/{rel}","templated":true}]}}