{"id":53328,"date":"2019-05-23T11:29:37","date_gmt":"2019-05-23T14:29:37","guid":{"rendered":"https:\/\/eldiariodesanpedro.com.ar\/sitio\/?p=53328"},"modified":"2019-05-23T11:29:49","modified_gmt":"2019-05-23T14:29:49","slug":"baradero-la-intendente-fernanda-antonijevic-desmintio-el-audio-que-se-viralizo-hablando-de-un-estado-de-sitio","status":"publish","type":"post","link":"https:\/\/eldiariodesanpedro.com.ar\/sitio\/baradero-la-intendente-fernanda-antonijevic-desmintio-el-audio-que-se-viralizo-hablando-de-un-estado-de-sitio\/","title":{"rendered":"BARADERO: La intendente Fernanda Antonijevic desminti\u00f3 el audio que se viraliz\u00f3 hablando de un \u00abestado de sitio\u00bb"},"content":{"rendered":"<!-- VideographyWP Plugin Message: Automatic video embedding prevented by plugin options. -->\n\n<p>La intendente municipal, utiliz\u00f3 su cuenta de Facebook para aclarar los audios que circularon en las ultimas horas sobre la posibilidad de que en Baradero se declare el \u2018estado de sitio\u2019. Fue rotundamente desmentido por Antonijevic. <\/p>\n\n\n\n<p><strong><em>\u201cMe veo obligada a desmentir una nueva noticia falsa, orquestada y pagada por quienes prefieren el caos y la delincuencia, y usan el desconocimiento de la gente para crear confusiones.\u00a0<\/em><\/strong><br><strong><em>Las falsas noticias como el \u201cestado de sitio de Baradero\u201d que viralizaron en un audio, y se ocuparon promocionar, no solo es una mentira, sino que no hay posibilidad de que exista legalmente y jam\u00e1s existi\u00f3.<\/em><\/strong><br><strong><em>En Baradero se transita libremente, como siempre, no se ha violado ninguna garant\u00eda constitucional, salvo que consideren que detener a quienes tienen o venden drogas, o circulen en veh\u00edculos robados, o si documentaci\u00f3n en regla lo sea.<br>Me causa dolor que se juegue con el desconocimiento de los ciudadanos y se los confunda, que se traiga un relato de \u00e9pocas pasadas solamente para beneficiar a los que viven de lo ajeno, enferman a nuestros hijos o prefieren el reino del rev\u00e9s.<br>Amo a nuestra ciudad, igual que ustedes y solo queremos cuidarla y cuidarnos, como toda las personas de bien, que somos la gran mayor\u00eda de los baraderenses.<br>No hay estado de sitio, no hay cierres de escuelas, no hay que tener ning\u00fan miedo, los operativos solo vinieron a cuidarnos.\u201d<\/em><\/strong><\/p>\n\n\n\n<p>Fuente: Baradero Hoy<\/p>\n","protected":false},"excerpt":{"rendered":"<p>La intendente municipal, utiliz\u00f3 su cuenta de Facebook para aclarar los audios que circularon en las ultimas horas sobre la posibilidad de que en Baradero se declare el \u2018estado de sitio\u2019. Fue rotundamente desmentido por Antonijevic. \u201cMe veo obligada a desmentir una nueva noticia falsa, orquestada y pagada por quienes prefieren el caos y la [&hellip;]<\/p>\n","protected":false},"author":4,"featured_media":53329,"comment_status":"open","ping_status":"closed","sticky":false,"template":"","format":"standard","meta":{"om_disable_all_campaigns":false,"_jetpack_memberships_contains_paid_content":false,"footnotes":""},"categories":[621],"tags":[],"class_list":["post-53328","post","type-post","status-publish","format-standard","has-post-thumbnail","hentry","category-regionales"],"aioseo_notices":[],"gutentor_comment":0,"jetpack_featured_media_url":"https:\/\/eldiariodesanpedro.com.ar\/sitio\/wp-content\/uploads\/2019\/05\/60823586_10216785179639763_7116850754677112832_n.jpg","jetpack_shortlink":"https:\/\/wp.me\/p6RhLt-dS8","jetpack_sharing_enabled":true,"_links":{"self":[{"href":"https:\/\/eldiariodesanpedro.com.ar\/sitio\/wp-json\/wp\/v2\/posts\/53328","targetHints":{"allow":["GET"]}}],"collection":[{"href":"https:\/\/eldiariodesanpedro.com.ar\/sitio\/wp-json\/wp\/v2\/posts"}],"about":[{"href":"https:\/\/eldiariodesanpedro.com.ar\/sitio\/wp-json\/wp\/v2\/types\/post"}],"author":[{"embeddable":true,"href":"https:\/\/eldiariodesanpedro.com.ar\/sitio\/wp-json\/wp\/v2\/users\/4"}],"replies":[{"embeddable":true,"href":"https:\/\/eldiariodesanpedro.com.ar\/sitio\/wp-json\/wp\/v2\/comments?post=53328"}],"version-history":[{"count":1,"href":"https:\/\/eldiariodesanpedro.com.ar\/sitio\/wp-json\/wp\/v2\/posts\/53328\/revisions"}],"predecessor-version":[{"id":53330,"href":"https:\/\/eldiariodesanpedro.com.ar\/sitio\/wp-json\/wp\/v2\/posts\/53328\/revisions\/53330"}],"wp:featuredmedia":[{"embeddable":true,"href":"https:\/\/eldiariodesanpedro.com.ar\/sitio\/wp-json\/wp\/v2\/media\/53329"}],"wp:attachment":[{"href":"https:\/\/eldiariodesanpedro.com.ar\/sitio\/wp-json\/wp\/v2\/media?parent=53328"}],"wp:term":[{"taxonomy":"category","embeddable":true,"href":"https:\/\/eldiariodesanpedro.com.ar\/sitio\/wp-json\/wp\/v2\/categories?post=53328"},{"taxonomy":"post_tag","embeddable":true,"href":"https:\/\/eldiariodesanpedro.com.ar\/sitio\/wp-json\/wp\/v2\/tags?post=53328"}],"curies":[{"name":"wp","href":"https:\/\/api.w.org\/{rel}","templated":true}]}}