{"id":53325,"date":"2019-05-23T11:25:36","date_gmt":"2019-05-23T14:25:36","guid":{"rendered":"https:\/\/eldiariodesanpedro.com.ar\/sitio\/?p=53325"},"modified":"2019-05-23T11:25:46","modified_gmt":"2019-05-23T14:25:46","slug":"campana-cruzaran-llamadas-telefonicas-para-saber-quien-esta-detras-de-las-falsas-amenazas-de-bomba","status":"publish","type":"post","link":"https:\/\/eldiariodesanpedro.com.ar\/sitio\/campana-cruzaran-llamadas-telefonicas-para-saber-quien-esta-detras-de-las-falsas-amenazas-de-bomba\/","title":{"rendered":"CAMPANA: Cruzar\u00e1n llamadas telef\u00f3nicas para saber qui\u00e9n est\u00e1 detr\u00e1s de las falsas amenazas de bomba"},"content":{"rendered":"<!-- VideographyWP Plugin Message: Automatic video embedding prevented by plugin options. -->\n\n<p>\n\nEl Lunes, una voz alert\u00f3 sobre un explosivo en la sede del Servicio Local. Ayer, lo mismo ocurri\u00f3 en la Fiscal\u00eda del Bv. Sarmiento. En ambos casos, se trat\u00f3 de una falsa denuncia. Ahora, la Justicia buscar\u00e1 al responsable de alterar el normal funcionamiento de los servicios, y ocasionar un importante gasto en los operativos de prevenci\u00f3n ordenados por protocolo.<\/p>\n\n\n\n<p>Fueron dos veces en las \u00faltimas 48 horas. Muy poco tiempo como para pensar en hechos \u201caislados\u201d. Las falsas amenazas de bomba que tuvieron como objetivos las oficinas del servicio local (en Av. Ameghino y Col\u00f3n) y la sede de Fiscal\u00eda (en Bv. Sarmiento y 9 de Julio), pusieron a la Justicia a investigar responsabilidades, y el cruce de llamados telef\u00f3nicos ser\u00e1 un paso fundamental para ubicar a \u201c\u00e9l\u201d o \u201clos\u201d bromistas.<\/p>\n\n\n\n<p>Es que adem\u00e1s de las complicaciones en el orden diario (ambos edificios fueron evacuados preventivamente, al igual que comercios e instituciones linderas), ocasionan un importante gasto en el operativo de rigor, ordenado por el protocolo, movilizando a Defensa Civil, Bomberos, la Polic\u00eda, Tr\u00e1nsito, y la Brigada Antiexplosivos con base en San Mart\u00edn, que atiende todo el corredor y suele tardar varias horas en llegar.<\/p>\n\n\n\n<p>A la hora de los \u201cm\u00f3viles\u201d o las razones por las cuales se producen estas amenazas, est\u00e1n quienes sostienen que hay alg\u00fan esp\u00edritu desestabilizador en este accionar, otros que apuntan a distraer la atenci\u00f3n de los ciudadanos en estas cuestiones (opacando otras que ser\u00edan de mucho m\u00e1s inter\u00e9s), y quienes lo sintetizan en el accionar de una o varias personas, resumidas en un adjetivo tan propio de nuestro Pa\u00eds como \u00e9stos llamados an\u00f3nimos: boludos.<\/p>\n\n\n\n<p>\u201cEl que quiere poner una bomba, no avisa. La pone y punto\u201d nos dice un vecino al pasar, algo molesto por tener que esquivar las vallas de seguridad que delimitan el per\u00edmetro. Desconociendo su experiencia al respecto, habr\u00e1 que esperar resultados de las investigaciones para saber que hay detr\u00e1s de estos hechos.\n\n<\/p>\n","protected":false},"excerpt":{"rendered":"<p>El Lunes, una voz alert\u00f3 sobre un explosivo en la sede del Servicio Local. Ayer, lo mismo ocurri\u00f3 en la Fiscal\u00eda del Bv. Sarmiento. En ambos casos, se trat\u00f3 de una falsa denuncia. Ahora, la Justicia buscar\u00e1 al responsable de alterar el normal funcionamiento de los servicios, y ocasionar un importante gasto en los operativos [&hellip;]<\/p>\n","protected":false},"author":4,"featured_media":53326,"comment_status":"open","ping_status":"closed","sticky":false,"template":"","format":"standard","meta":{"om_disable_all_campaigns":false,"_jetpack_memberships_contains_paid_content":false,"footnotes":""},"categories":[621],"tags":[],"class_list":["post-53325","post","type-post","status-publish","format-standard","has-post-thumbnail","hentry","category-regionales"],"aioseo_notices":[],"gutentor_comment":0,"jetpack_featured_media_url":"https:\/\/eldiariodesanpedro.com.ar\/sitio\/wp-content\/uploads\/2019\/05\/20190523094234.jpg","jetpack_shortlink":"https:\/\/wp.me\/p6RhLt-dS5","jetpack_sharing_enabled":true,"_links":{"self":[{"href":"https:\/\/eldiariodesanpedro.com.ar\/sitio\/wp-json\/wp\/v2\/posts\/53325","targetHints":{"allow":["GET"]}}],"collection":[{"href":"https:\/\/eldiariodesanpedro.com.ar\/sitio\/wp-json\/wp\/v2\/posts"}],"about":[{"href":"https:\/\/eldiariodesanpedro.com.ar\/sitio\/wp-json\/wp\/v2\/types\/post"}],"author":[{"embeddable":true,"href":"https:\/\/eldiariodesanpedro.com.ar\/sitio\/wp-json\/wp\/v2\/users\/4"}],"replies":[{"embeddable":true,"href":"https:\/\/eldiariodesanpedro.com.ar\/sitio\/wp-json\/wp\/v2\/comments?post=53325"}],"version-history":[{"count":1,"href":"https:\/\/eldiariodesanpedro.com.ar\/sitio\/wp-json\/wp\/v2\/posts\/53325\/revisions"}],"predecessor-version":[{"id":53327,"href":"https:\/\/eldiariodesanpedro.com.ar\/sitio\/wp-json\/wp\/v2\/posts\/53325\/revisions\/53327"}],"wp:featuredmedia":[{"embeddable":true,"href":"https:\/\/eldiariodesanpedro.com.ar\/sitio\/wp-json\/wp\/v2\/media\/53326"}],"wp:attachment":[{"href":"https:\/\/eldiariodesanpedro.com.ar\/sitio\/wp-json\/wp\/v2\/media?parent=53325"}],"wp:term":[{"taxonomy":"category","embeddable":true,"href":"https:\/\/eldiariodesanpedro.com.ar\/sitio\/wp-json\/wp\/v2\/categories?post=53325"},{"taxonomy":"post_tag","embeddable":true,"href":"https:\/\/eldiariodesanpedro.com.ar\/sitio\/wp-json\/wp\/v2\/tags?post=53325"}],"curies":[{"name":"wp","href":"https:\/\/api.w.org\/{rel}","templated":true}]}}