{"id":53318,"date":"2019-05-23T11:16:47","date_gmt":"2019-05-23T14:16:47","guid":{"rendered":"https:\/\/eldiariodesanpedro.com.ar\/sitio\/?p=53318"},"modified":"2019-05-23T11:16:58","modified_gmt":"2019-05-23T14:16:58","slug":"zarate-cuatro-escuelas-de-zarate-estaran-sin-gas-durante-el-invierno","status":"publish","type":"post","link":"https:\/\/eldiariodesanpedro.com.ar\/sitio\/zarate-cuatro-escuelas-de-zarate-estaran-sin-gas-durante-el-invierno\/","title":{"rendered":"Z\u00c1RATE: Cuatro escuelas de Z\u00e1rate estar\u00e1n sin gas durante el invierno"},"content":{"rendered":"<!-- VideographyWP Plugin Message: Automatic video embedding prevented by plugin options. -->\n\n<p>Desde Suteba brindaron detalles de las instituciones educativas de la localidad que no tendr\u00e1n calefacci\u00f3n durante el per\u00edodo m\u00e1s fr\u00edo del a\u00f1o. Se deber\u00eda al incumplimiento de las refacciones prometidas por la gobernadora Mar\u00eda Eugenia Vidal <\/p>\n\n\n\n<p>En di\u00e1logo con Nestor Pires, Secretario Adjunto de SUTEBA, detall\u00f3 que tras un relevamiento del estado de los establecimientos, junto con extensas entrevistas a docentes, directivos y auxiliares, llegaron a la conclusi\u00f3n de que cuatro escuelas de la zona no tienen calefacci\u00f3n y posiblemente no la tendr\u00e1n hasta el a\u00f1o pr\u00f3ximo.<\/p>\n\n\n\n<p>Se trata de: Primaria N\u00b07, donde tambi\u00e9n funciona la Secundaria N\u00b0 14, la cu\u00e1l \u00abtiene cepo y que no est\u00e1 el presupuesto desde Provincia para realizar el trabajo en la ca\u00f1er\u00eda de gas\u00bb. Hoy asisten m\u00e1s de 800 ni\u00f1os, y ni siquiera la instalaci\u00f3n el\u00e9ctrica est\u00e1 apta, ya que no resiste caloventores funcionando en simult\u00e1neo en todas las salas.<\/p>\n\n\n\n<p>Por su parte, Primaria N\u00b0 10, tambi\u00e9n Secundaria N\u00b0 7, sufre la misma situaci\u00f3n, tiene cepo, no hay fondos de Provincia, el Concejo Escolar no cuenta con los recursos para realizar ese trabajo y encima, poseen una gran deuda con Naturgy que debe ser saldada.<\/p>\n\n\n\n<p>Secundaria N\u00b02, no va a tener gas hasta el invierno 2020, ya que se encontraba dentro de un programa de escuelas de las cu\u00e1les se ten\u00eda que hacer cargo lel gobierno provincial, pero nunca gir\u00f3 los recursos.<\/p>\n\n\n\n<p>Por \u00faltimo, la \u00fanica en la que s\u00ed se est\u00e1 trabajando es la T\u00e9cnica N\u00b01, ex Colegio Industrial. \u00abEs posible que dentro de pocas semanas puedan contar con calefacci\u00f3n, pero a\u00fan no\u00bb, expres\u00f3 el dirigente.<\/p>\n\n\n\n<p>Adem\u00e1s, expres\u00f3 que salieron a la luz m\u00faltiples problemas que dificultan la educaci\u00f3n en Z\u00e1rate, tal es el caso del \u00abTat\u00fa\u00bb: \u00abCada vez que llueve los chicos no tienen clases. Sandra Par\u00eds hizo una gran puesta en escena sobre los fondos para la pavimentaci\u00f3n pero solamente le pusieron tierra y nunca se termin\u00f3\u00bb, sentenci\u00f3 N\u00e9stor.<\/p>\n\n\n\n<p>A su vez, tampoco los chicos de isla van a tener clase durante dos d\u00edas, ya que debido a un problema gremial, no hay lanchas hasta nuevo aviso. Un panorama \u00abcomplicado\u00bb, m\u00e1s all\u00e1 del problema de infraestructura, faltan jardines, aulas y nombramientos de docentes, entre otros. Al respecto, Suteba presentar\u00e1 un pedido de informe para que Provinicia agilice la entrega de recursos.<\/p>\n\n\n\n<p><strong>Fuente:&nbsp;<\/strong>Noticias Z\u00e1rate Alerta<\/p>\n","protected":false},"excerpt":{"rendered":"<p>Desde Suteba brindaron detalles de las instituciones educativas de la localidad que no tendr\u00e1n calefacci\u00f3n durante el per\u00edodo m\u00e1s fr\u00edo del a\u00f1o. Se deber\u00eda al incumplimiento de las refacciones prometidas por la gobernadora Mar\u00eda Eugenia Vidal En di\u00e1logo con Nestor Pires, Secretario Adjunto de SUTEBA, detall\u00f3 que tras un relevamiento del estado de los establecimientos, [&hellip;]<\/p>\n","protected":false},"author":4,"featured_media":53319,"comment_status":"open","ping_status":"closed","sticky":false,"template":"","format":"standard","meta":{"om_disable_all_campaigns":false,"_jetpack_memberships_contains_paid_content":false,"footnotes":""},"categories":[621],"tags":[],"class_list":["post-53318","post","type-post","status-publish","format-standard","has-post-thumbnail","hentry","category-regionales"],"aioseo_notices":[],"gutentor_comment":0,"jetpack_featured_media_url":"https:\/\/eldiariodesanpedro.com.ar\/sitio\/wp-content\/uploads\/2019\/05\/primaria-7.jpg","jetpack_shortlink":"https:\/\/wp.me\/p6RhLt-dRY","jetpack_sharing_enabled":true,"_links":{"self":[{"href":"https:\/\/eldiariodesanpedro.com.ar\/sitio\/wp-json\/wp\/v2\/posts\/53318","targetHints":{"allow":["GET"]}}],"collection":[{"href":"https:\/\/eldiariodesanpedro.com.ar\/sitio\/wp-json\/wp\/v2\/posts"}],"about":[{"href":"https:\/\/eldiariodesanpedro.com.ar\/sitio\/wp-json\/wp\/v2\/types\/post"}],"author":[{"embeddable":true,"href":"https:\/\/eldiariodesanpedro.com.ar\/sitio\/wp-json\/wp\/v2\/users\/4"}],"replies":[{"embeddable":true,"href":"https:\/\/eldiariodesanpedro.com.ar\/sitio\/wp-json\/wp\/v2\/comments?post=53318"}],"version-history":[{"count":1,"href":"https:\/\/eldiariodesanpedro.com.ar\/sitio\/wp-json\/wp\/v2\/posts\/53318\/revisions"}],"predecessor-version":[{"id":53320,"href":"https:\/\/eldiariodesanpedro.com.ar\/sitio\/wp-json\/wp\/v2\/posts\/53318\/revisions\/53320"}],"wp:featuredmedia":[{"embeddable":true,"href":"https:\/\/eldiariodesanpedro.com.ar\/sitio\/wp-json\/wp\/v2\/media\/53319"}],"wp:attachment":[{"href":"https:\/\/eldiariodesanpedro.com.ar\/sitio\/wp-json\/wp\/v2\/media?parent=53318"}],"wp:term":[{"taxonomy":"category","embeddable":true,"href":"https:\/\/eldiariodesanpedro.com.ar\/sitio\/wp-json\/wp\/v2\/categories?post=53318"},{"taxonomy":"post_tag","embeddable":true,"href":"https:\/\/eldiariodesanpedro.com.ar\/sitio\/wp-json\/wp\/v2\/tags?post=53318"}],"curies":[{"name":"wp","href":"https:\/\/api.w.org\/{rel}","templated":true}]}}