{"id":53313,"date":"2019-05-23T11:15:13","date_gmt":"2019-05-23T14:15:13","guid":{"rendered":"https:\/\/eldiariodesanpedro.com.ar\/sitio\/?p=53313"},"modified":"2019-05-23T11:15:22","modified_gmt":"2019-05-23T14:15:22","slug":"provincia-tarifa-social-en-electricidad-para-clubes-de-barrio","status":"publish","type":"post","link":"https:\/\/eldiariodesanpedro.com.ar\/sitio\/provincia-tarifa-social-en-electricidad-para-clubes-de-barrio\/","title":{"rendered":"PROVINCIA: Tarifa social en electricidad para clubes de barrio"},"content":{"rendered":"<!-- VideographyWP Plugin Message: Automatic video embedding prevented by plugin options. -->\n\n<p>La gobernadora bonaerense, Mar\u00eda Eugenia Vidal, anunci\u00f3 este mi\u00e9rcoles la implementaci\u00f3n de la tarifa social de electricidad para clubes de barrio.<\/p>\n\n\n\n<p>\u201cNo ocultamos ni negamos la realidad y trabajamos todos los d\u00edas para acompa\u00f1ar a los vecinos llev\u00e1ndoles respuestas directas porque hoy hay un gobierno que no busca atajos\u201d, precis\u00f3 la mandataria provincial.<\/p>\n\n\n\n<p>La medida, que entrar\u00e1 en vigencia a partir de este mes y seg\u00fan las proyecciones oficiales, unas 7 mil entidades se encuentran en condiciones de recibir el beneficio.<\/p>\n\n\n\n<p>En principio, se calcula que hay unas mil entidades que estar\u00edan cumpliendo todos los requisitos establecidos en la normativa para acceder al descuento que comenzar\u00e1 a regir desde este mes.<\/p>\n\n\n\n<p>De todos modos, desde la Provincia adelantaron que \u201cVamos a facilitarles el tr\u00e1mite\u201d, ya que muchas de ellas, por ejemplo, no han logrado completar el tr\u00e1mite ante Personas Jur\u00eddicas.<\/p>\n\n\n\n<p>La idea oficial es que estas entidades puedan acceder a este descuento de la tarifa social mediante un tr\u00e1mite sencillo a trav\u00e9s de la web www.gba.gob.ar\/clubesdebarrio.\n\n<\/p>\n","protected":false},"excerpt":{"rendered":"<p>La gobernadora bonaerense, Mar\u00eda Eugenia Vidal, anunci\u00f3 este mi\u00e9rcoles la implementaci\u00f3n de la tarifa social de electricidad para clubes de barrio. \u201cNo ocultamos ni negamos la realidad y trabajamos todos los d\u00edas para acompa\u00f1ar a los vecinos llev\u00e1ndoles respuestas directas porque hoy hay un gobierno que no busca atajos\u201d, precis\u00f3 la mandataria provincial. La medida, [&hellip;]<\/p>\n","protected":false},"author":4,"featured_media":53316,"comment_status":"open","ping_status":"closed","sticky":false,"template":"","format":"standard","meta":{"om_disable_all_campaigns":false,"_jetpack_memberships_contains_paid_content":false,"footnotes":""},"categories":[621],"tags":[],"class_list":["post-53313","post","type-post","status-publish","format-standard","has-post-thumbnail","hentry","category-regionales"],"aioseo_notices":[],"gutentor_comment":0,"jetpack_featured_media_url":"https:\/\/eldiariodesanpedro.com.ar\/sitio\/wp-content\/uploads\/2019\/05\/no_y437pcy9tf5rb1knop1apanlr0rv9h1mbo1rv9hto1ld51.jpg","jetpack_shortlink":"https:\/\/wp.me\/p6RhLt-dRT","jetpack_sharing_enabled":true,"_links":{"self":[{"href":"https:\/\/eldiariodesanpedro.com.ar\/sitio\/wp-json\/wp\/v2\/posts\/53313","targetHints":{"allow":["GET"]}}],"collection":[{"href":"https:\/\/eldiariodesanpedro.com.ar\/sitio\/wp-json\/wp\/v2\/posts"}],"about":[{"href":"https:\/\/eldiariodesanpedro.com.ar\/sitio\/wp-json\/wp\/v2\/types\/post"}],"author":[{"embeddable":true,"href":"https:\/\/eldiariodesanpedro.com.ar\/sitio\/wp-json\/wp\/v2\/users\/4"}],"replies":[{"embeddable":true,"href":"https:\/\/eldiariodesanpedro.com.ar\/sitio\/wp-json\/wp\/v2\/comments?post=53313"}],"version-history":[{"count":1,"href":"https:\/\/eldiariodesanpedro.com.ar\/sitio\/wp-json\/wp\/v2\/posts\/53313\/revisions"}],"predecessor-version":[{"id":53317,"href":"https:\/\/eldiariodesanpedro.com.ar\/sitio\/wp-json\/wp\/v2\/posts\/53313\/revisions\/53317"}],"wp:featuredmedia":[{"embeddable":true,"href":"https:\/\/eldiariodesanpedro.com.ar\/sitio\/wp-json\/wp\/v2\/media\/53316"}],"wp:attachment":[{"href":"https:\/\/eldiariodesanpedro.com.ar\/sitio\/wp-json\/wp\/v2\/media?parent=53313"}],"wp:term":[{"taxonomy":"category","embeddable":true,"href":"https:\/\/eldiariodesanpedro.com.ar\/sitio\/wp-json\/wp\/v2\/categories?post=53313"},{"taxonomy":"post_tag","embeddable":true,"href":"https:\/\/eldiariodesanpedro.com.ar\/sitio\/wp-json\/wp\/v2\/tags?post=53313"}],"curies":[{"name":"wp","href":"https:\/\/api.w.org\/{rel}","templated":true}]}}