{"id":53309,"date":"2019-05-23T10:59:55","date_gmt":"2019-05-23T13:59:55","guid":{"rendered":"https:\/\/eldiariodesanpedro.com.ar\/sitio\/?p=53309"},"modified":"2019-05-23T11:00:05","modified_gmt":"2019-05-23T14:00:05","slug":"campana-fui-al-rio-a-leer-de-la-biblioteca-popular","status":"publish","type":"post","link":"https:\/\/eldiariodesanpedro.com.ar\/sitio\/campana-fui-al-rio-a-leer-de-la-biblioteca-popular\/","title":{"rendered":"Campa\u00f1a \u00abFui al r\u00edo a leer\u00bb, de la Biblioteca Popular"},"content":{"rendered":"<!-- VideographyWP Plugin Message: Automatic video embedding prevented by plugin options. -->\n\n<p> La Biblioteca Popular \u00abRafael Obligado\u00bb se uni\u00f3 a la Campa\u00f1a \u00abFui al r\u00edo a leer\u00bb, de promoci\u00f3n de la lectura, organizada por la CONABIP (Comisi\u00f3n Nacional de Bibliotecas Populares).\u00a0<\/p>\n\n\n\n<p>Entre el s\u00e1bado 25 de mayo y el domingo 2 de junio, la Biblioteca invita a ir al r\u00edo a leer, solo o en grupo y compartir un posteo donde figure el nombre del r\u00edo, el t\u00edtulo del libro elegido y el hashtag #fuialrioaleer.\u00a0<\/p>\n\n\n\n<p>Con esa consigna, pueden luego etiquetar a la Biblioteca en las redes sociales:\u00a0<br>Facebook: Biblioteca Populara Rafael Obligado<br>Twitter: @bibliosp<br>Instagram: Biblio Pop Rafael Obligado <\/p>\n\n\n\n<figure class=\"wp-block-embed-youtube wp-block-embed is-type-video is-provider-youtube wp-embed-aspect-16-9 wp-has-aspect-ratio\"><div class=\"wp-block-embed__wrapper\">\n<iframe  style=\"display: block; margin: 0px auto;\"  id=\"_ytid_12961\"  width=\"640\" height=\"360\"  data-origwidth=\"640\" data-origheight=\"360\" src=\"https:\/\/www.youtube.com\/embed\/7mmp4PoT0dg?enablejsapi=1&#038;autoplay=0&#038;cc_load_policy=0&#038;cc_lang_pref=&#038;iv_load_policy=1&#038;loop=0&#038;rel=1&#038;fs=1&#038;playsinline=0&#038;autohide=2&#038;theme=dark&#038;color=red&#038;controls=1&#038;disablekb=0&#038;\" class=\"__youtube_prefs__  epyt-is-override  no-lazyload\" title=\"YouTube player\"  allow=\"fullscreen; accelerometer; autoplay; clipboard-write; encrypted-media; gyroscope; picture-in-picture; web-share\" referrerpolicy=\"strict-origin-when-cross-origin\" allowfullscreen data-no-lazy=\"1\" data-skipgform_ajax_framebjll=\"\"><\/iframe>\n<\/div><\/figure>\n","protected":false},"excerpt":{"rendered":"<p>La Biblioteca Popular \u00abRafael Obligado\u00bb se uni\u00f3 a la Campa\u00f1a \u00abFui al r\u00edo a leer\u00bb, de promoci\u00f3n de la lectura, organizada por la CONABIP (Comisi\u00f3n Nacional de Bibliotecas Populares).\u00a0 Entre el s\u00e1bado 25 de mayo y el domingo 2 de junio, la Biblioteca invita a ir al r\u00edo a leer, solo o en grupo y [&hellip;]<\/p>\n","protected":false},"author":4,"featured_media":53310,"comment_status":"open","ping_status":"closed","sticky":false,"template":"","format":"standard","meta":{"om_disable_all_campaigns":false,"_jetpack_memberships_contains_paid_content":false,"footnotes":""},"categories":[2],"tags":[],"class_list":["post-53309","post","type-post","status-publish","format-standard","has-post-thumbnail","hentry","category-locales"],"aioseo_notices":[],"gutentor_comment":0,"jetpack_featured_media_url":"https:\/\/eldiariodesanpedro.com.ar\/sitio\/wp-content\/uploads\/2019\/05\/rio-leer.png","jetpack_shortlink":"https:\/\/wp.me\/p6RhLt-dRP","jetpack_sharing_enabled":true,"_links":{"self":[{"href":"https:\/\/eldiariodesanpedro.com.ar\/sitio\/wp-json\/wp\/v2\/posts\/53309","targetHints":{"allow":["GET"]}}],"collection":[{"href":"https:\/\/eldiariodesanpedro.com.ar\/sitio\/wp-json\/wp\/v2\/posts"}],"about":[{"href":"https:\/\/eldiariodesanpedro.com.ar\/sitio\/wp-json\/wp\/v2\/types\/post"}],"author":[{"embeddable":true,"href":"https:\/\/eldiariodesanpedro.com.ar\/sitio\/wp-json\/wp\/v2\/users\/4"}],"replies":[{"embeddable":true,"href":"https:\/\/eldiariodesanpedro.com.ar\/sitio\/wp-json\/wp\/v2\/comments?post=53309"}],"version-history":[{"count":1,"href":"https:\/\/eldiariodesanpedro.com.ar\/sitio\/wp-json\/wp\/v2\/posts\/53309\/revisions"}],"predecessor-version":[{"id":53311,"href":"https:\/\/eldiariodesanpedro.com.ar\/sitio\/wp-json\/wp\/v2\/posts\/53309\/revisions\/53311"}],"wp:featuredmedia":[{"embeddable":true,"href":"https:\/\/eldiariodesanpedro.com.ar\/sitio\/wp-json\/wp\/v2\/media\/53310"}],"wp:attachment":[{"href":"https:\/\/eldiariodesanpedro.com.ar\/sitio\/wp-json\/wp\/v2\/media?parent=53309"}],"wp:term":[{"taxonomy":"category","embeddable":true,"href":"https:\/\/eldiariodesanpedro.com.ar\/sitio\/wp-json\/wp\/v2\/categories?post=53309"},{"taxonomy":"post_tag","embeddable":true,"href":"https:\/\/eldiariodesanpedro.com.ar\/sitio\/wp-json\/wp\/v2\/tags?post=53309"}],"curies":[{"name":"wp","href":"https:\/\/api.w.org\/{rel}","templated":true}]}}