{"id":53308,"date":"2019-05-23T11:14:46","date_gmt":"2019-05-23T14:14:46","guid":{"rendered":"https:\/\/eldiariodesanpedro.com.ar\/sitio\/?p=53308"},"modified":"2019-05-23T11:14:57","modified_gmt":"2019-05-23T14:14:57","slug":"upcn-acusa-a-referentes-de-stm-de-recibir-amenazas-y-agresiones","status":"publish","type":"post","link":"https:\/\/eldiariodesanpedro.com.ar\/sitio\/upcn-acusa-a-referentes-de-stm-de-recibir-amenazas-y-agresiones\/","title":{"rendered":"UPCN acusa a referentes de STM de recibir amenazas y agresiones"},"content":{"rendered":"<!-- VideographyWP Plugin Message: Automatic video embedding prevented by plugin options. -->\n\n<p>La fuerte denuncia la hizo la dirigente gremial, Rosa Celie, a un medio radial, \u00abofrecieron tiros a mi casa y golpearon a un coordinador nuestro\u00bb, declaro.<\/p>\n\n\n\n<p>Esta pelea entre el gremio de Trabajadores Municipales y UPCN ya cumple casi un a\u00f1o, en su momento, el Secretario Gremial (STM), Juan Cruz Acosta acuso al Jefe Comunal como de alguna manera ser el responsable de impulsar el otro gremio.<\/p>\n\n\n\n<p>\u201cEllos no son un gremio, son una empresa de pr\u00e9stamo y tienen un negocio econ\u00f3mico para algunos dirigentes\u201d, asegur\u00f3 y agreg\u00f3: \u201cVienen a dividir a los trabajadores\u201d,  \u201cUPCN es un gremio amarillo que siempre ha estado con la patronal hist\u00f3ricamente\u201d, expresaba Acosta y el dirigente de FESIMUBO en una conferencia de prensa que brindaron a los medios locales a principios del mes de octubre del 2018 (archivo).<\/p>\n\n\n\n<p>Desde entonces no permiten que UPCN pueda formar parte de reuniones con el Ejecutivo, como la ultima de paritarias del corriente mes, donde tuvieron fuertes cruces y Celie (UPCN) les aseguro que se ten\u00edan que acostumbrar a verlos.<\/p>\n\n\n\n<p>El \u00faltimo episodio tuvo lugar a partir de las asambleas de inspectores de la Direcci\u00f3n de Tr\u00e1nsito, cuando el gremio STM acus\u00f3 a UPCN de accionar a favor del Ejecutivo.\u00a0 <\/p>\n\n\n\n<p>Esta semana la dirigente gremial, Rosa Celi\u00e9, formul\u00f3 duras acusaciones a los referentes del Sindicato de Trabajadores Municipales, en un medio radial \u00abson patoteros, quieren tumbar nuestro gremio, me ofrecieron tiros a mi casa y le pegaron a nuestro coordinador\u00bb.<\/p>\n\n\n\n<p>Por otro lado, Raul \u00abChipi\u00bb Benitez, Secretario Adjunto de STM, contesto fuertemente a la acusaci\u00f3n de Celie, \u00abesta se\u00f1ora debe estar mirando la serie de Pablo Emilio Escobar\u00bb y agrego \u00absi tiene algo que decir que denuncie, como nos van acusar de esa manera, dijo que metimos en un auto al coordinador, la gente me grita por la calle secuestrador ahora, mi hijo me llama preguntando que paso, no es as\u00ed esto\u00bb<\/p>\n\n\n\n<p>\u00abEsto es as\u00ed, los gremios que van a sentarse a la mesa son los que tienen el 10 % de la planta de personal municipal activo. Que lo demuestren, y ah\u00ed van a poder sentarse. Si no, van solamente a defender al Ejecutivo\u00bb, culmino.<\/p>\n\n\n\n<p><br> <\/p>\n\n\n\n<p><br><\/p>\n","protected":false},"excerpt":{"rendered":"<p>La fuerte denuncia la hizo la dirigente gremial, Rosa Celie, a un medio radial, \u00abofrecieron tiros a mi casa y golpearon a un coordinador nuestro\u00bb, declaro. Esta pelea entre el gremio de Trabajadores Municipales y UPCN ya cumple casi un a\u00f1o, en su momento, el Secretario Gremial (STM), Juan Cruz Acosta acuso al Jefe Comunal [&hellip;]<\/p>\n","protected":false},"author":4,"featured_media":53314,"comment_status":"open","ping_status":"closed","sticky":false,"template":"","format":"standard","meta":{"om_disable_all_campaigns":false,"_jetpack_memberships_contains_paid_content":false,"footnotes":""},"categories":[50,101,2],"tags":[],"class_list":["post-53308","post","type-post","status-publish","format-standard","has-post-thumbnail","hentry","category-destacadas","category-interes-general-locales","category-locales"],"aioseo_notices":[],"gutentor_comment":0,"jetpack_featured_media_url":"https:\/\/eldiariodesanpedro.com.ar\/sitio\/wp-content\/uploads\/2019\/05\/rosa_celie_y_trabajadores.jpg","jetpack_shortlink":"https:\/\/wp.me\/p6RhLt-dRO","jetpack_sharing_enabled":true,"_links":{"self":[{"href":"https:\/\/eldiariodesanpedro.com.ar\/sitio\/wp-json\/wp\/v2\/posts\/53308","targetHints":{"allow":["GET"]}}],"collection":[{"href":"https:\/\/eldiariodesanpedro.com.ar\/sitio\/wp-json\/wp\/v2\/posts"}],"about":[{"href":"https:\/\/eldiariodesanpedro.com.ar\/sitio\/wp-json\/wp\/v2\/types\/post"}],"author":[{"embeddable":true,"href":"https:\/\/eldiariodesanpedro.com.ar\/sitio\/wp-json\/wp\/v2\/users\/4"}],"replies":[{"embeddable":true,"href":"https:\/\/eldiariodesanpedro.com.ar\/sitio\/wp-json\/wp\/v2\/comments?post=53308"}],"version-history":[{"count":1,"href":"https:\/\/eldiariodesanpedro.com.ar\/sitio\/wp-json\/wp\/v2\/posts\/53308\/revisions"}],"predecessor-version":[{"id":53315,"href":"https:\/\/eldiariodesanpedro.com.ar\/sitio\/wp-json\/wp\/v2\/posts\/53308\/revisions\/53315"}],"wp:featuredmedia":[{"embeddable":true,"href":"https:\/\/eldiariodesanpedro.com.ar\/sitio\/wp-json\/wp\/v2\/media\/53314"}],"wp:attachment":[{"href":"https:\/\/eldiariodesanpedro.com.ar\/sitio\/wp-json\/wp\/v2\/media?parent=53308"}],"wp:term":[{"taxonomy":"category","embeddable":true,"href":"https:\/\/eldiariodesanpedro.com.ar\/sitio\/wp-json\/wp\/v2\/categories?post=53308"},{"taxonomy":"post_tag","embeddable":true,"href":"https:\/\/eldiariodesanpedro.com.ar\/sitio\/wp-json\/wp\/v2\/tags?post=53308"}],"curies":[{"name":"wp","href":"https:\/\/api.w.org\/{rel}","templated":true}]}}