{"id":53302,"date":"2019-05-23T10:20:21","date_gmt":"2019-05-23T13:20:21","guid":{"rendered":"https:\/\/eldiariodesanpedro.com.ar\/sitio\/?p=53302"},"modified":"2019-05-23T10:20:28","modified_gmt":"2019-05-23T13:20:28","slug":"rompieron-vidrios-y-danaron-la-puerta-del-cementerio-municipal","status":"publish","type":"post","link":"https:\/\/eldiariodesanpedro.com.ar\/sitio\/rompieron-vidrios-y-danaron-la-puerta-del-cementerio-municipal\/","title":{"rendered":"Rompieron vidrios y da\u00f1aron la puerta del Cementerio Municipal"},"content":{"rendered":"<!-- VideographyWP Plugin Message: Automatic video embedding prevented by plugin options. -->\n\n<p>Los hechos de vandalismo ya se hicieron costumbre en el lugar. Este mi\u00e9rcoles por la ma\u00f1ana un empleado denuncio el nuevo hecho.<\/p>\n\n\n\n<p>Un empleado radico su denuncia en la dependencia local cuando  contando que al llegar al Cementerio para realizar sus tareas laborales por la ma\u00f1ana de este mi\u00e9rcoles, dio cuenta que las puertas se encontraban violentadas, que las cerraduras estaban da\u00f1adas y que los vidrios estaban destrozados.<\/p>\n\n\n\n<p>Interviene la fiscalia en turno.<br><\/p>\n","protected":false},"excerpt":{"rendered":"<p>Los hechos de vandalismo ya se hicieron costumbre en el lugar. Este mi\u00e9rcoles por la ma\u00f1ana un empleado denuncio el nuevo hecho. Un empleado radico su denuncia en la dependencia local cuando contando que al llegar al Cementerio para realizar sus tareas laborales por la ma\u00f1ana de este mi\u00e9rcoles, dio cuenta que las puertas se [&hellip;]<\/p>\n","protected":false},"author":4,"featured_media":35166,"comment_status":"open","ping_status":"closed","sticky":false,"template":"","format":"standard","meta":{"om_disable_all_campaigns":false,"_jetpack_memberships_contains_paid_content":false,"footnotes":""},"categories":[2,103],"tags":[],"class_list":["post-53302","post","type-post","status-publish","format-standard","has-post-thumbnail","hentry","category-locales","category-policiales-locales"],"aioseo_notices":[],"gutentor_comment":0,"jetpack_featured_media_url":"https:\/\/eldiariodesanpedro.com.ar\/sitio\/wp-content\/uploads\/2018\/06\/cementerio-bs-as.jpg","jetpack_shortlink":"https:\/\/wp.me\/p6RhLt-dRI","jetpack_sharing_enabled":true,"_links":{"self":[{"href":"https:\/\/eldiariodesanpedro.com.ar\/sitio\/wp-json\/wp\/v2\/posts\/53302","targetHints":{"allow":["GET"]}}],"collection":[{"href":"https:\/\/eldiariodesanpedro.com.ar\/sitio\/wp-json\/wp\/v2\/posts"}],"about":[{"href":"https:\/\/eldiariodesanpedro.com.ar\/sitio\/wp-json\/wp\/v2\/types\/post"}],"author":[{"embeddable":true,"href":"https:\/\/eldiariodesanpedro.com.ar\/sitio\/wp-json\/wp\/v2\/users\/4"}],"replies":[{"embeddable":true,"href":"https:\/\/eldiariodesanpedro.com.ar\/sitio\/wp-json\/wp\/v2\/comments?post=53302"}],"version-history":[{"count":1,"href":"https:\/\/eldiariodesanpedro.com.ar\/sitio\/wp-json\/wp\/v2\/posts\/53302\/revisions"}],"predecessor-version":[{"id":53303,"href":"https:\/\/eldiariodesanpedro.com.ar\/sitio\/wp-json\/wp\/v2\/posts\/53302\/revisions\/53303"}],"wp:featuredmedia":[{"embeddable":true,"href":"https:\/\/eldiariodesanpedro.com.ar\/sitio\/wp-json\/wp\/v2\/media\/35166"}],"wp:attachment":[{"href":"https:\/\/eldiariodesanpedro.com.ar\/sitio\/wp-json\/wp\/v2\/media?parent=53302"}],"wp:term":[{"taxonomy":"category","embeddable":true,"href":"https:\/\/eldiariodesanpedro.com.ar\/sitio\/wp-json\/wp\/v2\/categories?post=53302"},{"taxonomy":"post_tag","embeddable":true,"href":"https:\/\/eldiariodesanpedro.com.ar\/sitio\/wp-json\/wp\/v2\/tags?post=53302"}],"curies":[{"name":"wp","href":"https:\/\/api.w.org\/{rel}","templated":true}]}}