{"id":53300,"date":"2019-05-23T10:10:58","date_gmt":"2019-05-23T13:10:58","guid":{"rendered":"https:\/\/eldiariodesanpedro.com.ar\/sitio\/?p=53300"},"modified":"2019-05-23T10:11:05","modified_gmt":"2019-05-23T13:11:05","slug":"robaron-documentacion-y-herramientas-del-interior-de-un-automovil","status":"publish","type":"post","link":"https:\/\/eldiariodesanpedro.com.ar\/sitio\/robaron-documentacion-y-herramientas-del-interior-de-un-automovil\/","title":{"rendered":"Robaron documentaci\u00f3n y herramientas del interior de un autom\u00f3vil"},"content":{"rendered":"<!-- VideographyWP Plugin Message: Automatic video embedding prevented by plugin options. -->\n\n<p>El veh\u00edculo se encontraba estacionado en la v\u00eda publica. Los delincuentes procedieron al delito sin violencia.<\/p>\n\n\n\n<p>Sucedi\u00f3 en calle Thornes al 1600, su propietario, un hombre de 61 a\u00f1os de edad, constato el hecho al egresar de su vivienda y darse cuenta que malvivientes hab\u00edan ingresado al mismo sin violencia, y sustrajeron documentaci\u00f3n y herramientas varias.<\/p>\n\n\n\n<p>Investiga la fiscalia local.<\/p>\n\n\n\n<p><br><\/p>\n","protected":false},"excerpt":{"rendered":"<p>El veh\u00edculo se encontraba estacionado en la v\u00eda publica. Los delincuentes procedieron al delito sin violencia. Sucedi\u00f3 en calle Thornes al 1600, su propietario, un hombre de 61 a\u00f1os de edad, constato el hecho al egresar de su vivienda y darse cuenta que malvivientes hab\u00edan ingresado al mismo sin violencia, y sustrajeron documentaci\u00f3n y herramientas [&hellip;]<\/p>\n","protected":false},"author":4,"featured_media":45949,"comment_status":"open","ping_status":"closed","sticky":false,"template":"","format":"standard","meta":{"om_disable_all_campaigns":false,"_jetpack_memberships_contains_paid_content":false,"footnotes":""},"categories":[2,103],"tags":[],"class_list":["post-53300","post","type-post","status-publish","format-standard","has-post-thumbnail","hentry","category-locales","category-policiales-locales"],"aioseo_notices":[],"gutentor_comment":0,"jetpack_featured_media_url":"https:\/\/eldiariodesanpedro.com.ar\/sitio\/wp-content\/uploads\/2019\/01\/nuevos-patrulleros-policia-02_6.jpg","jetpack_shortlink":"https:\/\/wp.me\/p6RhLt-dRG","jetpack_sharing_enabled":true,"_links":{"self":[{"href":"https:\/\/eldiariodesanpedro.com.ar\/sitio\/wp-json\/wp\/v2\/posts\/53300","targetHints":{"allow":["GET"]}}],"collection":[{"href":"https:\/\/eldiariodesanpedro.com.ar\/sitio\/wp-json\/wp\/v2\/posts"}],"about":[{"href":"https:\/\/eldiariodesanpedro.com.ar\/sitio\/wp-json\/wp\/v2\/types\/post"}],"author":[{"embeddable":true,"href":"https:\/\/eldiariodesanpedro.com.ar\/sitio\/wp-json\/wp\/v2\/users\/4"}],"replies":[{"embeddable":true,"href":"https:\/\/eldiariodesanpedro.com.ar\/sitio\/wp-json\/wp\/v2\/comments?post=53300"}],"version-history":[{"count":1,"href":"https:\/\/eldiariodesanpedro.com.ar\/sitio\/wp-json\/wp\/v2\/posts\/53300\/revisions"}],"predecessor-version":[{"id":53301,"href":"https:\/\/eldiariodesanpedro.com.ar\/sitio\/wp-json\/wp\/v2\/posts\/53300\/revisions\/53301"}],"wp:featuredmedia":[{"embeddable":true,"href":"https:\/\/eldiariodesanpedro.com.ar\/sitio\/wp-json\/wp\/v2\/media\/45949"}],"wp:attachment":[{"href":"https:\/\/eldiariodesanpedro.com.ar\/sitio\/wp-json\/wp\/v2\/media?parent=53300"}],"wp:term":[{"taxonomy":"category","embeddable":true,"href":"https:\/\/eldiariodesanpedro.com.ar\/sitio\/wp-json\/wp\/v2\/categories?post=53300"},{"taxonomy":"post_tag","embeddable":true,"href":"https:\/\/eldiariodesanpedro.com.ar\/sitio\/wp-json\/wp\/v2\/tags?post=53300"}],"curies":[{"name":"wp","href":"https:\/\/api.w.org\/{rel}","templated":true}]}}