{"id":53296,"date":"2019-05-23T09:47:36","date_gmt":"2019-05-23T12:47:36","guid":{"rendered":"https:\/\/eldiariodesanpedro.com.ar\/sitio\/?p=53296"},"modified":"2019-05-23T09:47:42","modified_gmt":"2019-05-23T12:47:42","slug":"auto-abandonado-con-pedido-de-secuestro-activo","status":"publish","type":"post","link":"https:\/\/eldiariodesanpedro.com.ar\/sitio\/auto-abandonado-con-pedido-de-secuestro-activo\/","title":{"rendered":"Auto abandonado con pedido de secuestro activo"},"content":{"rendered":"<!-- VideographyWP Plugin Message: Automatic video embedding prevented by plugin options. -->\n\n<p>El veh\u00edculo fue hallado por personal policial quienes se encontraban en habitual recorrida. Posee pedido de secuestro activo del a\u00f1o 2012 a requerimiento de Polic\u00eda de Santa Fe.<\/p>\n\n\n\n<p>El hecho se registro este mi\u00e9rcoles por la noche, el rodado estaba estacionado en la v\u00eda publica en intersecci\u00f3n de las calles Bottaro y San Lorenzo, en aparente estado de abandono.<\/p>\n\n\n\n<p>All\u00ed se registro en el sistema inform\u00e1tico que posee pedido de secuestro activo des a\u00f1o 2012 a requerimiento de la Polic\u00eda de Santa Fe, en actuaciones caratuladas como robo con intervenci\u00f3n de la Justicia de Santa Fe.<\/p>\n\n\n\n<p><br><\/p>\n","protected":false},"excerpt":{"rendered":"<p>El veh\u00edculo fue hallado por personal policial quienes se encontraban en habitual recorrida. Posee pedido de secuestro activo del a\u00f1o 2012 a requerimiento de Polic\u00eda de Santa Fe. El hecho se registro este mi\u00e9rcoles por la noche, el rodado estaba estacionado en la v\u00eda publica en intersecci\u00f3n de las calles Bottaro y San Lorenzo, en [&hellip;]<\/p>\n","protected":false},"author":4,"featured_media":53291,"comment_status":"open","ping_status":"closed","sticky":false,"template":"","format":"standard","meta":{"om_disable_all_campaigns":false,"_jetpack_memberships_contains_paid_content":false,"footnotes":""},"categories":[2,103],"tags":[],"class_list":["post-53296","post","type-post","status-publish","format-standard","has-post-thumbnail","hentry","category-locales","category-policiales-locales"],"aioseo_notices":[],"gutentor_comment":0,"jetpack_featured_media_url":"https:\/\/eldiariodesanpedro.com.ar\/sitio\/wp-content\/uploads\/2019\/05\/IMG-20190523-WA0005.jpg","jetpack_shortlink":"https:\/\/wp.me\/p6RhLt-dRC","jetpack_sharing_enabled":true,"_links":{"self":[{"href":"https:\/\/eldiariodesanpedro.com.ar\/sitio\/wp-json\/wp\/v2\/posts\/53296","targetHints":{"allow":["GET"]}}],"collection":[{"href":"https:\/\/eldiariodesanpedro.com.ar\/sitio\/wp-json\/wp\/v2\/posts"}],"about":[{"href":"https:\/\/eldiariodesanpedro.com.ar\/sitio\/wp-json\/wp\/v2\/types\/post"}],"author":[{"embeddable":true,"href":"https:\/\/eldiariodesanpedro.com.ar\/sitio\/wp-json\/wp\/v2\/users\/4"}],"replies":[{"embeddable":true,"href":"https:\/\/eldiariodesanpedro.com.ar\/sitio\/wp-json\/wp\/v2\/comments?post=53296"}],"version-history":[{"count":1,"href":"https:\/\/eldiariodesanpedro.com.ar\/sitio\/wp-json\/wp\/v2\/posts\/53296\/revisions"}],"predecessor-version":[{"id":53297,"href":"https:\/\/eldiariodesanpedro.com.ar\/sitio\/wp-json\/wp\/v2\/posts\/53296\/revisions\/53297"}],"wp:featuredmedia":[{"embeddable":true,"href":"https:\/\/eldiariodesanpedro.com.ar\/sitio\/wp-json\/wp\/v2\/media\/53291"}],"wp:attachment":[{"href":"https:\/\/eldiariodesanpedro.com.ar\/sitio\/wp-json\/wp\/v2\/media?parent=53296"}],"wp:term":[{"taxonomy":"category","embeddable":true,"href":"https:\/\/eldiariodesanpedro.com.ar\/sitio\/wp-json\/wp\/v2\/categories?post=53296"},{"taxonomy":"post_tag","embeddable":true,"href":"https:\/\/eldiariodesanpedro.com.ar\/sitio\/wp-json\/wp\/v2\/tags?post=53296"}],"curies":[{"name":"wp","href":"https:\/\/api.w.org\/{rel}","templated":true}]}}