{"id":53277,"date":"2019-05-23T09:36:11","date_gmt":"2019-05-23T12:36:11","guid":{"rendered":"https:\/\/eldiariodesanpedro.com.ar\/sitio\/?p=53277"},"modified":"2019-05-23T09:37:17","modified_gmt":"2019-05-23T12:37:17","slug":"siguen-las-retenciones-en-inspeccion-el-ejecutivo-no-cumple","status":"publish","type":"post","link":"https:\/\/eldiariodesanpedro.com.ar\/sitio\/siguen-las-retenciones-en-inspeccion-el-ejecutivo-no-cumple\/","title":{"rendered":"Siguen las retenciones en inspecci\u00f3n \u00abel Ejecutivo no cumple\u00bb"},"content":{"rendered":"<!-- VideographyWP Plugin Message: Automatic video embedding prevented by plugin options. -->\n\n<p>Desde el \u00e1rea de trabajadores municipales que pertenecen a la Direcci\u00f3n de Transito siguen de retenci\u00f3n de tareas. \u00abNo vamos a dejar de reclamar lo que nos corresponden\u00bb, expresan los dirigentes gremiales que desde el primer d\u00eda los acompa\u00f1an en el reclamo.<\/p>\n\n\n\n<p>En torno al pedido de pase a planta de algunos trabajadores y por un reclamo por el premio de conducci\u00f3n, es uno de los temas que cada vez agravaba mas la situaci\u00f3n entre el Ejecutivo y Municipales.<\/p>\n\n\n\n<p>\u00abNos dicen que es porque vuelve Burgos, Director de nuestra \u00e1rea que hace mas de un a\u00f1o esta de licencia, porque? si ac\u00e1 el problema hay que solucionarlo igual, y este se\u00f1or nunca llamo alg\u00fan compa\u00f1ero para preguntarle como iba todo\u00bb, expresaba uno de los trabajadores del \u00e1rea quien nos brindo una nota a este medio tras sentirse muy molesto por declaraciones del Secretario de Gobierno, Silvio Corti, a un medio radial.<\/p>\n\n\n\n<p>\u00abVamos a seguir de retenci\u00f3n mientras que mis compa\u00f1eros no tengan miedo, porque por ah\u00ed nos amenazan que nos van a descontar los d\u00edas cosa que no se puede hacer, no es complicado lo que pedimos, necesitamos que cumplan con lo que alguna vez nos prometieron\u00bb<\/p>\n\n\n\n<p>\u00abEl inspector de transito no quiere trabajar, el inspector de transito gana entre 35 y 45 mil pesos por mes dijeron en un medio radial desde el ejecutivo, es una gran mentira, nuestro b\u00e1sico es de 22 mil pesos, eso que ellos dicen lo gana un Director, entonces nos bancamos que la gente no nos quiera por nuestro trabajo y encima ellos incitan a que la gente nos quiera menos\u00bb.<\/p>\n\n\n\n<p>\u00abIgualdad y el pase a planta pedimos\u00bb, culminaba.<\/p>\n","protected":false},"excerpt":{"rendered":"<p>Desde el \u00e1rea de trabajadores municipales que pertenecen a la Direcci\u00f3n de Transito siguen de retenci\u00f3n de tareas. \u00abNo vamos a dejar de reclamar lo que nos corresponden\u00bb, expresan los dirigentes gremiales que desde el primer d\u00eda los acompa\u00f1an en el reclamo. En torno al pedido de pase a planta de algunos trabajadores y por [&hellip;]<\/p>\n","protected":false},"author":4,"featured_media":12840,"comment_status":"open","ping_status":"closed","sticky":false,"template":"","format":"standard","meta":{"om_disable_all_campaigns":false,"_jetpack_memberships_contains_paid_content":false,"footnotes":""},"categories":[50,101,2],"tags":[],"class_list":["post-53277","post","type-post","status-publish","format-standard","has-post-thumbnail","hentry","category-destacadas","category-interes-general-locales","category-locales"],"aioseo_notices":[],"gutentor_comment":0,"jetpack_featured_media_url":"https:\/\/eldiariodesanpedro.com.ar\/sitio\/wp-content\/uploads\/2017\/01\/movil-inspeccion-municipalidad-san-pedro.jpg","jetpack_shortlink":"https:\/\/wp.me\/p6RhLt-dRj","jetpack_sharing_enabled":true,"_links":{"self":[{"href":"https:\/\/eldiariodesanpedro.com.ar\/sitio\/wp-json\/wp\/v2\/posts\/53277","targetHints":{"allow":["GET"]}}],"collection":[{"href":"https:\/\/eldiariodesanpedro.com.ar\/sitio\/wp-json\/wp\/v2\/posts"}],"about":[{"href":"https:\/\/eldiariodesanpedro.com.ar\/sitio\/wp-json\/wp\/v2\/types\/post"}],"author":[{"embeddable":true,"href":"https:\/\/eldiariodesanpedro.com.ar\/sitio\/wp-json\/wp\/v2\/users\/4"}],"replies":[{"embeddable":true,"href":"https:\/\/eldiariodesanpedro.com.ar\/sitio\/wp-json\/wp\/v2\/comments?post=53277"}],"version-history":[{"count":2,"href":"https:\/\/eldiariodesanpedro.com.ar\/sitio\/wp-json\/wp\/v2\/posts\/53277\/revisions"}],"predecessor-version":[{"id":53295,"href":"https:\/\/eldiariodesanpedro.com.ar\/sitio\/wp-json\/wp\/v2\/posts\/53277\/revisions\/53295"}],"wp:featuredmedia":[{"embeddable":true,"href":"https:\/\/eldiariodesanpedro.com.ar\/sitio\/wp-json\/wp\/v2\/media\/12840"}],"wp:attachment":[{"href":"https:\/\/eldiariodesanpedro.com.ar\/sitio\/wp-json\/wp\/v2\/media?parent=53277"}],"wp:term":[{"taxonomy":"category","embeddable":true,"href":"https:\/\/eldiariodesanpedro.com.ar\/sitio\/wp-json\/wp\/v2\/categories?post=53277"},{"taxonomy":"post_tag","embeddable":true,"href":"https:\/\/eldiariodesanpedro.com.ar\/sitio\/wp-json\/wp\/v2\/tags?post=53277"}],"curies":[{"name":"wp","href":"https:\/\/api.w.org\/{rel}","templated":true}]}}