{"id":53242,"date":"2019-05-22T10:35:20","date_gmt":"2019-05-22T13:35:20","guid":{"rendered":"https:\/\/eldiariodesanpedro.com.ar\/sitio\/?p=53242"},"modified":"2019-05-22T10:35:30","modified_gmt":"2019-05-22T13:35:30","slug":"violencia-familiar-golpeo-a-su-pareja-y-la-amenazo-de-muerte","status":"publish","type":"post","link":"https:\/\/eldiariodesanpedro.com.ar\/sitio\/violencia-familiar-golpeo-a-su-pareja-y-la-amenazo-de-muerte\/","title":{"rendered":"Violencia Familiar: Golpeo a su pareja y la amenazo de muerte"},"content":{"rendered":"<!-- VideographyWP Plugin Message: Automatic video embedding prevented by plugin options. -->\n\n<p>El violento hecho sucedi\u00f3 en la tarde de este martes. El agresor fue aprehendido luego de agredir f\u00edsicamente a su pareja.<\/p>\n\n\n\n<p>La polic\u00eda fue alertada por un llamado al 911 y tras r\u00e1pido accionar logra llegar a tiempo y proceder a la intervenci\u00f3n en una vivienda sita en calle Facundo Quiroga al 1000, donde se estaba produciendo un hecho de violencia de genero.<\/p>\n\n\n\n<p>El agresor, un joven de 21 a\u00f1os de edad, golpeo fuertemente a su pareja femenina, de misma edad, y ademas amenazo de muerte a familiares que se encontraban all\u00ed.<\/p>\n\n\n\n<p>Los efectivos logran su aprehensi\u00f3n y lo trasladan a la dependencia local esperando intervenci\u00f3n de la fiscalia en tuno.<\/p>\n\n\n\n<p>La victima fue asistida en la Comisaria Local resultando con lesiones leves.<\/p>\n\n\n\n<p><br><\/p>\n","protected":false},"excerpt":{"rendered":"<p>El violento hecho sucedi\u00f3 en la tarde de este martes. El agresor fue aprehendido luego de agredir f\u00edsicamente a su pareja. La polic\u00eda fue alertada por un llamado al 911 y tras r\u00e1pido accionar logra llegar a tiempo y proceder a la intervenci\u00f3n en una vivienda sita en calle Facundo Quiroga al 1000, donde se [&hellip;]<\/p>\n","protected":false},"author":4,"featured_media":53244,"comment_status":"open","ping_status":"closed","sticky":false,"template":"","format":"standard","meta":{"om_disable_all_campaigns":false,"_jetpack_memberships_contains_paid_content":false,"footnotes":""},"categories":[2,103],"tags":[],"class_list":["post-53242","post","type-post","status-publish","format-standard","has-post-thumbnail","hentry","category-locales","category-policiales-locales"],"aioseo_notices":[],"gutentor_comment":0,"jetpack_featured_media_url":"https:\/\/eldiariodesanpedro.com.ar\/sitio\/wp-content\/uploads\/2019\/05\/violencia-genero-1.jpg","jetpack_shortlink":"https:\/\/wp.me\/p6RhLt-dQK","jetpack_sharing_enabled":true,"_links":{"self":[{"href":"https:\/\/eldiariodesanpedro.com.ar\/sitio\/wp-json\/wp\/v2\/posts\/53242","targetHints":{"allow":["GET"]}}],"collection":[{"href":"https:\/\/eldiariodesanpedro.com.ar\/sitio\/wp-json\/wp\/v2\/posts"}],"about":[{"href":"https:\/\/eldiariodesanpedro.com.ar\/sitio\/wp-json\/wp\/v2\/types\/post"}],"author":[{"embeddable":true,"href":"https:\/\/eldiariodesanpedro.com.ar\/sitio\/wp-json\/wp\/v2\/users\/4"}],"replies":[{"embeddable":true,"href":"https:\/\/eldiariodesanpedro.com.ar\/sitio\/wp-json\/wp\/v2\/comments?post=53242"}],"version-history":[{"count":1,"href":"https:\/\/eldiariodesanpedro.com.ar\/sitio\/wp-json\/wp\/v2\/posts\/53242\/revisions"}],"predecessor-version":[{"id":53245,"href":"https:\/\/eldiariodesanpedro.com.ar\/sitio\/wp-json\/wp\/v2\/posts\/53242\/revisions\/53245"}],"wp:featuredmedia":[{"embeddable":true,"href":"https:\/\/eldiariodesanpedro.com.ar\/sitio\/wp-json\/wp\/v2\/media\/53244"}],"wp:attachment":[{"href":"https:\/\/eldiariodesanpedro.com.ar\/sitio\/wp-json\/wp\/v2\/media?parent=53242"}],"wp:term":[{"taxonomy":"category","embeddable":true,"href":"https:\/\/eldiariodesanpedro.com.ar\/sitio\/wp-json\/wp\/v2\/categories?post=53242"},{"taxonomy":"post_tag","embeddable":true,"href":"https:\/\/eldiariodesanpedro.com.ar\/sitio\/wp-json\/wp\/v2\/tags?post=53242"}],"curies":[{"name":"wp","href":"https:\/\/api.w.org\/{rel}","templated":true}]}}