{"id":53238,"date":"2019-05-22T10:22:55","date_gmt":"2019-05-22T13:22:55","guid":{"rendered":"https:\/\/eldiariodesanpedro.com.ar\/sitio\/?p=53238"},"modified":"2019-05-22T10:23:07","modified_gmt":"2019-05-22T13:23:07","slug":"campana-se-viene-el-festival-del-auto-europeo","status":"publish","type":"post","link":"https:\/\/eldiariodesanpedro.com.ar\/sitio\/campana-se-viene-el-festival-del-auto-europeo\/","title":{"rendered":"CAMPANA: Se viene el \u201cFestival del auto europeo\u201d"},"content":{"rendered":"<!-- VideographyWP Plugin Message: Automatic video embedding prevented by plugin options. -->\n\n<p>Se viene una nueva propuesta para disfrutar en familia. El \u201cFestival del auto europeo\u201d llega a la plaza Espa\u00f1a y el Museo del Autom\u00f3vil, este s\u00e1bado 25 desde las 13, con entrada libre y gratuita.<\/p>\n\n\n\n<p>La actividad es organizada por el Club Amigos del Primer Autom\u00f3vil con el acompa\u00f1amiento de la Secretar\u00eda de Producci\u00f3n, Turismo y Empleo.<\/p>\n\n\n\n<p>\u201cDesde el Municipio estamos trabajando no solo en la promoci\u00f3n de actividades tur\u00edsticas sino tambi\u00e9n en la difusi\u00f3n de nuestros atractivos como, en este caso, nuestro Museo del Autom\u00f3vil. En especial, como cuna del Primer Autom\u00f3vil Argentino, y esta propuesta va en esa l\u00ednea\u201d, destac\u00f3 el director de Coordinaci\u00f3n de Gesti\u00f3n, Mart\u00edn Munitich.<\/p>\n\n\n\n<p>Seg\u00fan anticip\u00f3 Munitich, adem\u00e1s de la exhibici\u00f3n de veh\u00edculos europeos, la jornada contar\u00e1 con la participaci\u00f3n del Studio de danzas y artes Nilda Caballero y propuestas gastron\u00f3micas.<\/p>\n\n\n\n<p>\u201cSer\u00e1 un grato encuentro para que se acerque la familia completa a disfrutar de un paseo y ser parte de esta gran exposici\u00f3n\u201d, complet\u00f3.<\/p>\n\n\n\n<p>Por su parte, Carlos Marino, del Club Amigos del Primer Autom\u00f3vil, agradeci\u00f3 el acompa\u00f1amiento del Municipio y anticip\u00f3 que \u201ccon motivo de celebrar la llegada de Fiat a la Argentina, en este encuentro, se expondr\u00e1n autom\u00f3viles europeos. Para eso, convocamos a quienes poseen veh\u00edculos europeos hasta modelo 1990\u201d.<\/p>\n\n\n\n<p>Tambi\u00e9n habr\u00e1 una categor\u00eda de autos especiales y se otorgar\u00e1n distinciones.<\/p>\n\n\n\n<p>Los interesados en exhibir ese d\u00eda podr\u00e1n inscribirse previamente en el Museo del Autom\u00f3vil o acercarse antes del inicio del Festival y contactarse con los referentes del Club.<\/p>\n\n\n\n<p>\u201cAdem\u00e1s \u2013complet\u00f3 Marino- como novedad, Juan Carlos Rizzo presentar\u00e1 en sociedad tras muchos a\u00f1os de trabajo el auto Unic que construy\u00f3 en su totalidad a partir de un motor que lleg\u00f3 a sus manos. Estuvo 11 a\u00f1os arm\u00e1ndolo\u201d.<\/p>\n\n\n\n<p>En caso de lluvia, el festival se realizar\u00e1 el d\u00eda domingo 26 de mayo en el mismo horario y lugar.\u00a0<\/p>\n\n\n\n<p>Fuente: Impacto local <\/p>\n","protected":false},"excerpt":{"rendered":"<p>Se viene una nueva propuesta para disfrutar en familia. El \u201cFestival del auto europeo\u201d llega a la plaza Espa\u00f1a y el Museo del Autom\u00f3vil, este s\u00e1bado 25 desde las 13, con entrada libre y gratuita. La actividad es organizada por el Club Amigos del Primer Autom\u00f3vil con el acompa\u00f1amiento de la Secretar\u00eda de Producci\u00f3n, Turismo [&hellip;]<\/p>\n","protected":false},"author":4,"featured_media":53241,"comment_status":"open","ping_status":"closed","sticky":false,"template":"","format":"standard","meta":{"om_disable_all_campaigns":false,"_jetpack_memberships_contains_paid_content":false,"footnotes":""},"categories":[621],"tags":[],"class_list":["post-53238","post","type-post","status-publish","format-standard","has-post-thumbnail","hentry","category-regionales"],"aioseo_notices":[],"gutentor_comment":0,"jetpack_featured_media_url":"https:\/\/eldiariodesanpedro.com.ar\/sitio\/wp-content\/uploads\/2019\/05\/AUTO-EUROPEO_Mesa-de-trabajo-1.jpg","jetpack_shortlink":"https:\/\/wp.me\/p6RhLt-dQG","jetpack_sharing_enabled":true,"_links":{"self":[{"href":"https:\/\/eldiariodesanpedro.com.ar\/sitio\/wp-json\/wp\/v2\/posts\/53238","targetHints":{"allow":["GET"]}}],"collection":[{"href":"https:\/\/eldiariodesanpedro.com.ar\/sitio\/wp-json\/wp\/v2\/posts"}],"about":[{"href":"https:\/\/eldiariodesanpedro.com.ar\/sitio\/wp-json\/wp\/v2\/types\/post"}],"author":[{"embeddable":true,"href":"https:\/\/eldiariodesanpedro.com.ar\/sitio\/wp-json\/wp\/v2\/users\/4"}],"replies":[{"embeddable":true,"href":"https:\/\/eldiariodesanpedro.com.ar\/sitio\/wp-json\/wp\/v2\/comments?post=53238"}],"version-history":[{"count":1,"href":"https:\/\/eldiariodesanpedro.com.ar\/sitio\/wp-json\/wp\/v2\/posts\/53238\/revisions"}],"predecessor-version":[{"id":53243,"href":"https:\/\/eldiariodesanpedro.com.ar\/sitio\/wp-json\/wp\/v2\/posts\/53238\/revisions\/53243"}],"wp:featuredmedia":[{"embeddable":true,"href":"https:\/\/eldiariodesanpedro.com.ar\/sitio\/wp-json\/wp\/v2\/media\/53241"}],"wp:attachment":[{"href":"https:\/\/eldiariodesanpedro.com.ar\/sitio\/wp-json\/wp\/v2\/media?parent=53238"}],"wp:term":[{"taxonomy":"category","embeddable":true,"href":"https:\/\/eldiariodesanpedro.com.ar\/sitio\/wp-json\/wp\/v2\/categories?post=53238"},{"taxonomy":"post_tag","embeddable":true,"href":"https:\/\/eldiariodesanpedro.com.ar\/sitio\/wp-json\/wp\/v2\/tags?post=53238"}],"curies":[{"name":"wp","href":"https:\/\/api.w.org\/{rel}","templated":true}]}}