{"id":53235,"date":"2019-05-22T10:15:27","date_gmt":"2019-05-22T13:15:27","guid":{"rendered":"https:\/\/eldiariodesanpedro.com.ar\/sitio\/?p=53235"},"modified":"2019-05-22T10:15:37","modified_gmt":"2019-05-22T13:15:37","slug":"baradero-fallecio-el-bombero-gustavo-chavo-chavez","status":"publish","type":"post","link":"https:\/\/eldiariodesanpedro.com.ar\/sitio\/baradero-fallecio-el-bombero-gustavo-chavo-chavez\/","title":{"rendered":"BARADERO: Falleci\u00f3 el bombero Gustavo \u201cChavo\u201d Ch\u00e1vez"},"content":{"rendered":"<!-- VideographyWP Plugin Message: Automatic video embedding prevented by plugin options. -->\n\n<p>Un querido vecino de la localidad de Baradero, falleci\u00f3 hoy despu\u00e9s transitar por una dura enfermedad.<\/p>\n\n\n\n<p>Gustavo Ch\u00e1vez, m\u00e1s conocido como el \u201cchavo\u201d, era integrante del cuerpo activo de bomberos voluntarios adem\u00e1s de ser miembro del sindicato de obreros y empleados de refiner\u00edas de ma\u00edz.<\/p>\n\n\n\n<p>En el perfil de facebook de Bomberos Voluntarios se lo despidi\u00f3 de esta manera:<\/p>\n\n\n\n<p><strong><em>\u201cQu\u00e9 Dios te reciba en sus brazos y les env\u00ede consuelo y fuerzas necesarias a tu familia.<\/em><\/strong><\/p>\n\n\n\n<p><strong><em>Descansa en paz \u201d chavito\u201d, nos quedamos con tus mejores recuerdos.<\/em><\/strong><\/p>\n\n\n\n<p><strong><em>Quienes formamos parte de est\u00e1 instituci\u00f3n los acompa\u00f1amos en este momento dif\u00edcil y les env\u00edamos las condolencias a tus seres queridos.<\/em><\/strong><\/p>\n\n\n\n<p><strong><em>Q.E.P.D Gustavo \u201cchavo\u201d Ch\u00e1vez.\u201d<\/em><\/strong><\/p>\n\n\n\n<p>Fuente: Baradero Te Informa<\/p>\n","protected":false},"excerpt":{"rendered":"<p>Un querido vecino de la localidad de Baradero, falleci\u00f3 hoy despu\u00e9s transitar por una dura enfermedad. Gustavo Ch\u00e1vez, m\u00e1s conocido como el \u201cchavo\u201d, era integrante del cuerpo activo de bomberos voluntarios adem\u00e1s de ser miembro del sindicato de obreros y empleados de refiner\u00edas de ma\u00edz. En el perfil de facebook de Bomberos Voluntarios se lo [&hellip;]<\/p>\n","protected":false},"author":4,"featured_media":53236,"comment_status":"open","ping_status":"closed","sticky":false,"template":"","format":"standard","meta":{"om_disable_all_campaigns":false,"_jetpack_memberships_contains_paid_content":false,"footnotes":""},"categories":[621],"tags":[],"class_list":["post-53235","post","type-post","status-publish","format-standard","has-post-thumbnail","hentry","category-regionales"],"aioseo_notices":[],"gutentor_comment":0,"jetpack_featured_media_url":"https:\/\/eldiariodesanpedro.com.ar\/sitio\/wp-content\/uploads\/2019\/05\/60594051_2485400781687439_3055262120296841216_n.jpg","jetpack_shortlink":"https:\/\/wp.me\/p6RhLt-dQD","jetpack_sharing_enabled":true,"_links":{"self":[{"href":"https:\/\/eldiariodesanpedro.com.ar\/sitio\/wp-json\/wp\/v2\/posts\/53235","targetHints":{"allow":["GET"]}}],"collection":[{"href":"https:\/\/eldiariodesanpedro.com.ar\/sitio\/wp-json\/wp\/v2\/posts"}],"about":[{"href":"https:\/\/eldiariodesanpedro.com.ar\/sitio\/wp-json\/wp\/v2\/types\/post"}],"author":[{"embeddable":true,"href":"https:\/\/eldiariodesanpedro.com.ar\/sitio\/wp-json\/wp\/v2\/users\/4"}],"replies":[{"embeddable":true,"href":"https:\/\/eldiariodesanpedro.com.ar\/sitio\/wp-json\/wp\/v2\/comments?post=53235"}],"version-history":[{"count":1,"href":"https:\/\/eldiariodesanpedro.com.ar\/sitio\/wp-json\/wp\/v2\/posts\/53235\/revisions"}],"predecessor-version":[{"id":53237,"href":"https:\/\/eldiariodesanpedro.com.ar\/sitio\/wp-json\/wp\/v2\/posts\/53235\/revisions\/53237"}],"wp:featuredmedia":[{"embeddable":true,"href":"https:\/\/eldiariodesanpedro.com.ar\/sitio\/wp-json\/wp\/v2\/media\/53236"}],"wp:attachment":[{"href":"https:\/\/eldiariodesanpedro.com.ar\/sitio\/wp-json\/wp\/v2\/media?parent=53235"}],"wp:term":[{"taxonomy":"category","embeddable":true,"href":"https:\/\/eldiariodesanpedro.com.ar\/sitio\/wp-json\/wp\/v2\/categories?post=53235"},{"taxonomy":"post_tag","embeddable":true,"href":"https:\/\/eldiariodesanpedro.com.ar\/sitio\/wp-json\/wp\/v2\/tags?post=53235"}],"curies":[{"name":"wp","href":"https:\/\/api.w.org\/{rel}","templated":true}]}}