{"id":53233,"date":"2019-05-22T10:21:30","date_gmt":"2019-05-22T13:21:30","guid":{"rendered":"https:\/\/eldiariodesanpedro.com.ar\/sitio\/?p=53233"},"modified":"2019-05-22T10:21:40","modified_gmt":"2019-05-22T13:21:40","slug":"allanamiento-positivo-tras-el-robo-a-una-vivienda","status":"publish","type":"post","link":"https:\/\/eldiariodesanpedro.com.ar\/sitio\/allanamiento-positivo-tras-el-robo-a-una-vivienda\/","title":{"rendered":"Allanamiento positivo tras el robo a una vivienda"},"content":{"rendered":"<!-- VideographyWP Plugin Message: Automatic video embedding prevented by plugin options. -->\n\n<p>El personal criminologico de comisaria procedi\u00f3 a una diligencia de urgencia tras aprobar las averiguaciones en las que ven\u00edan trabajando por un hecho de robo en una vivienda sita en calle Pav\u00f3n al 1500.<\/p>\n\n\n\n<p>En la tarde del martes, se diligencio un allanamiento solicitado por la Justicia Ordinaria , en el interior de una vivienda ubicada sobre calle Fray del Pozo al 300.<\/p>\n\n\n\n<p>Seg\u00fan las investigaciones que se realizaron luego de un hecho delictivo ocurrido el pasado 20 del corriente mes, donde delincuentes ignorados se llevaron un televisor y emprendieron a la fuga, se pudo dar con el elemento sustra\u00eddo.<\/p>\n\n\n\n<p>En el lugar se encontraba una mujer mayor de edad, siendo propietaria de la morada donde fue notificada por el hecho de encubrimiento.<\/p>\n\n\n\n<p>Por el momento la mujer se encuentra en libertad e intervino la fiscalia local.<\/p>\n\n\n\n<p><br><\/p>\n","protected":false},"excerpt":{"rendered":"<p>El personal criminologico de comisaria procedi\u00f3 a una diligencia de urgencia tras aprobar las averiguaciones en las que ven\u00edan trabajando por un hecho de robo en una vivienda sita en calle Pav\u00f3n al 1500. En la tarde del martes, se diligencio un allanamiento solicitado por la Justicia Ordinaria , en el interior de una vivienda [&hellip;]<\/p>\n","protected":false},"author":4,"featured_media":53239,"comment_status":"open","ping_status":"closed","sticky":false,"template":"","format":"standard","meta":{"om_disable_all_campaigns":false,"_jetpack_memberships_contains_paid_content":false,"footnotes":""},"categories":[2,103],"tags":[],"class_list":["post-53233","post","type-post","status-publish","format-standard","has-post-thumbnail","hentry","category-locales","category-policiales-locales"],"aioseo_notices":[],"gutentor_comment":0,"jetpack_featured_media_url":"https:\/\/eldiariodesanpedro.com.ar\/sitio\/wp-content\/uploads\/2019\/05\/WhatsApp-Image-2019-05-22-at-9.29.22-AM.jpeg","jetpack_shortlink":"https:\/\/wp.me\/p6RhLt-dQB","jetpack_sharing_enabled":true,"_links":{"self":[{"href":"https:\/\/eldiariodesanpedro.com.ar\/sitio\/wp-json\/wp\/v2\/posts\/53233","targetHints":{"allow":["GET"]}}],"collection":[{"href":"https:\/\/eldiariodesanpedro.com.ar\/sitio\/wp-json\/wp\/v2\/posts"}],"about":[{"href":"https:\/\/eldiariodesanpedro.com.ar\/sitio\/wp-json\/wp\/v2\/types\/post"}],"author":[{"embeddable":true,"href":"https:\/\/eldiariodesanpedro.com.ar\/sitio\/wp-json\/wp\/v2\/users\/4"}],"replies":[{"embeddable":true,"href":"https:\/\/eldiariodesanpedro.com.ar\/sitio\/wp-json\/wp\/v2\/comments?post=53233"}],"version-history":[{"count":1,"href":"https:\/\/eldiariodesanpedro.com.ar\/sitio\/wp-json\/wp\/v2\/posts\/53233\/revisions"}],"predecessor-version":[{"id":53240,"href":"https:\/\/eldiariodesanpedro.com.ar\/sitio\/wp-json\/wp\/v2\/posts\/53233\/revisions\/53240"}],"wp:featuredmedia":[{"embeddable":true,"href":"https:\/\/eldiariodesanpedro.com.ar\/sitio\/wp-json\/wp\/v2\/media\/53239"}],"wp:attachment":[{"href":"https:\/\/eldiariodesanpedro.com.ar\/sitio\/wp-json\/wp\/v2\/media?parent=53233"}],"wp:term":[{"taxonomy":"category","embeddable":true,"href":"https:\/\/eldiariodesanpedro.com.ar\/sitio\/wp-json\/wp\/v2\/categories?post=53233"},{"taxonomy":"post_tag","embeddable":true,"href":"https:\/\/eldiariodesanpedro.com.ar\/sitio\/wp-json\/wp\/v2\/tags?post=53233"}],"curies":[{"name":"wp","href":"https:\/\/api.w.org\/{rel}","templated":true}]}}