{"id":53230,"date":"2019-05-22T10:12:28","date_gmt":"2019-05-22T13:12:28","guid":{"rendered":"https:\/\/eldiariodesanpedro.com.ar\/sitio\/?p=53230"},"modified":"2019-05-22T10:12:38","modified_gmt":"2019-05-22T13:12:38","slug":"zarate-intento-de-robo-en-el-banco-nacion-de-lima","status":"publish","type":"post","link":"https:\/\/eldiariodesanpedro.com.ar\/sitio\/zarate-intento-de-robo-en-el-banco-nacion-de-lima\/","title":{"rendered":"Z\u00c1RATE: Intento de robo en el Banco Naci\u00f3n de Lima"},"content":{"rendered":"<!-- VideographyWP Plugin Message: Automatic video embedding prevented by plugin options. -->\n\n<p>En horas de la ma\u00f1ana de este martes la zona del banco Naci\u00f3n de Lima,\u00a0en Calle 11 N\u00b0 245, se encuentra vallada y el movimiento de los efectivos policiales despert\u00f3 la atenci\u00f3n de los vecinos.\u00a0<\/p>\n\n\n\n<p>Seg\u00fan indicaron fuentes policiales anoche se activ\u00f3 la alarma de la entidad bancaria pero que no se logr\u00f3 visibilizar ning\u00fan movimiento fuera de lo normal.<\/p>\n\n\n\n<p>Sin embargo esta ma\u00f1ana, a las 09:00, notaron que el lugar donde se encuentran colocados los cajeros hab\u00edan sido violentados por lo que se sospecha que intentaron ingresar por all\u00ed pero que en primera instancia no lograron robar nada.<\/p>\n\n\n\n<p>Se aguarda la intervenci\u00f3n de polic\u00eda cient\u00edfica y los empleados realizaron sus declaraciones ante agentes policiales.<\/p>\n\n\n\n<p>Fuente: Impacto Local<\/p>\n","protected":false},"excerpt":{"rendered":"<p>En horas de la ma\u00f1ana de este martes la zona del banco Naci\u00f3n de Lima,\u00a0en Calle 11 N\u00b0 245, se encuentra vallada y el movimiento de los efectivos policiales despert\u00f3 la atenci\u00f3n de los vecinos.\u00a0 Seg\u00fan indicaron fuentes policiales anoche se activ\u00f3 la alarma de la entidad bancaria pero que no se logr\u00f3 visibilizar ning\u00fan [&hellip;]<\/p>\n","protected":false},"author":4,"featured_media":53232,"comment_status":"open","ping_status":"closed","sticky":false,"template":"","format":"standard","meta":{"om_disable_all_campaigns":false,"_jetpack_memberships_contains_paid_content":false,"footnotes":""},"categories":[621],"tags":[],"class_list":["post-53230","post","type-post","status-publish","format-standard","has-post-thumbnail","hentry","category-regionales"],"aioseo_notices":[],"gutentor_comment":0,"jetpack_featured_media_url":"https:\/\/eldiariodesanpedro.com.ar\/sitio\/wp-content\/uploads\/2019\/05\/BANCO-LIMA-1.jpg","jetpack_shortlink":"https:\/\/wp.me\/p6RhLt-dQy","jetpack_sharing_enabled":true,"_links":{"self":[{"href":"https:\/\/eldiariodesanpedro.com.ar\/sitio\/wp-json\/wp\/v2\/posts\/53230","targetHints":{"allow":["GET"]}}],"collection":[{"href":"https:\/\/eldiariodesanpedro.com.ar\/sitio\/wp-json\/wp\/v2\/posts"}],"about":[{"href":"https:\/\/eldiariodesanpedro.com.ar\/sitio\/wp-json\/wp\/v2\/types\/post"}],"author":[{"embeddable":true,"href":"https:\/\/eldiariodesanpedro.com.ar\/sitio\/wp-json\/wp\/v2\/users\/4"}],"replies":[{"embeddable":true,"href":"https:\/\/eldiariodesanpedro.com.ar\/sitio\/wp-json\/wp\/v2\/comments?post=53230"}],"version-history":[{"count":1,"href":"https:\/\/eldiariodesanpedro.com.ar\/sitio\/wp-json\/wp\/v2\/posts\/53230\/revisions"}],"predecessor-version":[{"id":53234,"href":"https:\/\/eldiariodesanpedro.com.ar\/sitio\/wp-json\/wp\/v2\/posts\/53230\/revisions\/53234"}],"wp:featuredmedia":[{"embeddable":true,"href":"https:\/\/eldiariodesanpedro.com.ar\/sitio\/wp-json\/wp\/v2\/media\/53232"}],"wp:attachment":[{"href":"https:\/\/eldiariodesanpedro.com.ar\/sitio\/wp-json\/wp\/v2\/media?parent=53230"}],"wp:term":[{"taxonomy":"category","embeddable":true,"href":"https:\/\/eldiariodesanpedro.com.ar\/sitio\/wp-json\/wp\/v2\/categories?post=53230"},{"taxonomy":"post_tag","embeddable":true,"href":"https:\/\/eldiariodesanpedro.com.ar\/sitio\/wp-json\/wp\/v2\/tags?post=53230"}],"curies":[{"name":"wp","href":"https:\/\/api.w.org\/{rel}","templated":true}]}}