{"id":53227,"date":"2019-05-22T10:10:12","date_gmt":"2019-05-22T13:10:12","guid":{"rendered":"https:\/\/eldiariodesanpedro.com.ar\/sitio\/?p=53227"},"modified":"2019-05-22T10:10:21","modified_gmt":"2019-05-22T13:10:21","slug":"ramallo-el-ministerio-de-trabajo-dicto-la-conciliacion-obligatoria-en-bio-ramallo","status":"publish","type":"post","link":"https:\/\/eldiariodesanpedro.com.ar\/sitio\/ramallo-el-ministerio-de-trabajo-dicto-la-conciliacion-obligatoria-en-bio-ramallo\/","title":{"rendered":"RAMALLO: El Ministerio de Trabajo dict\u00f3 la conciliaci\u00f3n obligatoria en Bio Ramallo"},"content":{"rendered":"<!-- VideographyWP Plugin Message: Automatic video embedding prevented by plugin options. -->\n\n<p>El Ministerio de Trabajo bonaerense dict\u00f3 la conciliaci\u00f3n obligatoria en Bio Ramallo, por lo que retrotrae las negociaciones al lunes 13 de mayo.<\/p>\n\n\n\n<p>Reci\u00e9n cerca de las 20 horas del lunes 20 de mayo los trabajadores pudieron ingresar a la planta, luego de estar acampando frente a la porter\u00eda.<\/p>\n\n\n\n<p>A lo largo de la jornada, la incertidumbre creci\u00f3 cuando los trabajadores no pudieron ingresar a sus puestos de trabajo ante la decisi\u00f3n de la empresa de cerrar la planta e impedir que regresaran a sus puestos, violando lo dispuesto por la cartera laboral.<\/p>\n\n\n\n<p>Horas despu\u00e9s,\u00a0<strong>Fabi\u00e1n Sola<\/strong>, delegado de Aceiteros, confirmo que \u201ctodo se retrotrajo al lunes pasado, los compa\u00f1eros est\u00e1n adentro. Continuaremos con las negociaciones en el transcurso de la conciliaci\u00f3n. Todo normal y tranquilo\u201d.<\/p>\n\n\n\n<p>Fuente: Ramallo Noticias<\/p>\n","protected":false},"excerpt":{"rendered":"<p>El Ministerio de Trabajo bonaerense dict\u00f3 la conciliaci\u00f3n obligatoria en Bio Ramallo, por lo que retrotrae las negociaciones al lunes 13 de mayo. Reci\u00e9n cerca de las 20 horas del lunes 20 de mayo los trabajadores pudieron ingresar a la planta, luego de estar acampando frente a la porter\u00eda. A lo largo de la jornada, [&hellip;]<\/p>\n","protected":false},"author":4,"featured_media":53228,"comment_status":"open","ping_status":"closed","sticky":false,"template":"","format":"standard","meta":{"om_disable_all_campaigns":false,"_jetpack_memberships_contains_paid_content":false,"footnotes":""},"categories":[621],"tags":[],"class_list":["post-53227","post","type-post","status-publish","format-standard","has-post-thumbnail","hentry","category-regionales"],"aioseo_notices":[],"gutentor_comment":0,"jetpack_featured_media_url":"https:\/\/eldiariodesanpedro.com.ar\/sitio\/wp-content\/uploads\/2019\/05\/bbx_464641225_1_WhatsApp_Image_201.jpeg","jetpack_shortlink":"https:\/\/wp.me\/p6RhLt-dQv","jetpack_sharing_enabled":true,"_links":{"self":[{"href":"https:\/\/eldiariodesanpedro.com.ar\/sitio\/wp-json\/wp\/v2\/posts\/53227","targetHints":{"allow":["GET"]}}],"collection":[{"href":"https:\/\/eldiariodesanpedro.com.ar\/sitio\/wp-json\/wp\/v2\/posts"}],"about":[{"href":"https:\/\/eldiariodesanpedro.com.ar\/sitio\/wp-json\/wp\/v2\/types\/post"}],"author":[{"embeddable":true,"href":"https:\/\/eldiariodesanpedro.com.ar\/sitio\/wp-json\/wp\/v2\/users\/4"}],"replies":[{"embeddable":true,"href":"https:\/\/eldiariodesanpedro.com.ar\/sitio\/wp-json\/wp\/v2\/comments?post=53227"}],"version-history":[{"count":1,"href":"https:\/\/eldiariodesanpedro.com.ar\/sitio\/wp-json\/wp\/v2\/posts\/53227\/revisions"}],"predecessor-version":[{"id":53229,"href":"https:\/\/eldiariodesanpedro.com.ar\/sitio\/wp-json\/wp\/v2\/posts\/53227\/revisions\/53229"}],"wp:featuredmedia":[{"embeddable":true,"href":"https:\/\/eldiariodesanpedro.com.ar\/sitio\/wp-json\/wp\/v2\/media\/53228"}],"wp:attachment":[{"href":"https:\/\/eldiariodesanpedro.com.ar\/sitio\/wp-json\/wp\/v2\/media?parent=53227"}],"wp:term":[{"taxonomy":"category","embeddable":true,"href":"https:\/\/eldiariodesanpedro.com.ar\/sitio\/wp-json\/wp\/v2\/categories?post=53227"},{"taxonomy":"post_tag","embeddable":true,"href":"https:\/\/eldiariodesanpedro.com.ar\/sitio\/wp-json\/wp\/v2\/tags?post=53227"}],"curies":[{"name":"wp","href":"https:\/\/api.w.org\/{rel}","templated":true}]}}