{"id":53222,"date":"2019-05-22T10:07:24","date_gmt":"2019-05-22T13:07:24","guid":{"rendered":"https:\/\/eldiariodesanpedro.com.ar\/sitio\/?p=53222"},"modified":"2019-05-22T10:07:35","modified_gmt":"2019-05-22T13:07:35","slug":"san-nicolas-intentaron-ingresar-al-autodromo-saltando-un-alambrado","status":"publish","type":"post","link":"https:\/\/eldiariodesanpedro.com.ar\/sitio\/san-nicolas-intentaron-ingresar-al-autodromo-saltando-un-alambrado\/","title":{"rendered":"SAN NICOL\u00c1S: Intentaron ingresar al Aut\u00f3dromo saltando un alambrado"},"content":{"rendered":"<!-- VideographyWP Plugin Message: Automatic video embedding prevented by plugin options. -->\n\n<p>\n\nDos adolescentes, de 15 y 18 a\u00f1os, fueron aprehendidos tras intentar ingresar sin autorizaci\u00f3n al Predio Ferial y Aut\u00f3dromo San Nicol\u00e1s Ciudad. Fueron vistos a trav\u00e9s de las c\u00e1maras de monitoreo cuando saltaban un alambrado.<\/p>\n\n\n\n<p>R\u00e1pidamente, desde la Central de Monitoreo dieron aviso a la polic\u00eda y lograron aprehender a los dos sujetos y fueron trasladados a sede de la Comisar\u00eda Segunda donde se labraron actuaciones por \u00abViolaci\u00f3n de domicilio\u00bb.<\/p>\n\n\n\n<figure class=\"wp-block-embed-facebook wp-block-embed is-type-video is-provider-facebook\"><div class=\"wp-block-embed__wrapper\">\n<div class=\"fb-video\" data-allowfullscreen=\"true\" data-href=\"https:\/\/www.facebook.com\/ElInformanteSN\/videos\/317106545847353\/\" style=\"background-color: #fff; display: inline-block;\"><\/div>\n<\/div><\/figure>\n\n\n\n<p>Fuente: Diario El Informante<\/p>\n","protected":false},"excerpt":{"rendered":"<p>Dos adolescentes, de 15 y 18 a\u00f1os, fueron aprehendidos tras intentar ingresar sin autorizaci\u00f3n al Predio Ferial y Aut\u00f3dromo San Nicol\u00e1s Ciudad. Fueron vistos a trav\u00e9s de las c\u00e1maras de monitoreo cuando saltaban un alambrado. R\u00e1pidamente, desde la Central de Monitoreo dieron aviso a la polic\u00eda y lograron aprehender a los dos sujetos y fueron [&hellip;]<\/p>\n","protected":false},"author":4,"featured_media":53224,"comment_status":"open","ping_status":"closed","sticky":false,"template":"","format":"standard","meta":{"om_disable_all_campaigns":false,"_jetpack_memberships_contains_paid_content":false,"footnotes":""},"categories":[621],"tags":[],"class_list":["post-53222","post","type-post","status-publish","format-standard","has-post-thumbnail","hentry","category-regionales"],"aioseo_notices":[],"gutentor_comment":0,"jetpack_featured_media_url":"https:\/\/eldiariodesanpedro.com.ar\/sitio\/wp-content\/uploads\/2019\/05\/conmarca20182.jpg","jetpack_shortlink":"https:\/\/wp.me\/p6RhLt-dQq","jetpack_sharing_enabled":true,"_links":{"self":[{"href":"https:\/\/eldiariodesanpedro.com.ar\/sitio\/wp-json\/wp\/v2\/posts\/53222","targetHints":{"allow":["GET"]}}],"collection":[{"href":"https:\/\/eldiariodesanpedro.com.ar\/sitio\/wp-json\/wp\/v2\/posts"}],"about":[{"href":"https:\/\/eldiariodesanpedro.com.ar\/sitio\/wp-json\/wp\/v2\/types\/post"}],"author":[{"embeddable":true,"href":"https:\/\/eldiariodesanpedro.com.ar\/sitio\/wp-json\/wp\/v2\/users\/4"}],"replies":[{"embeddable":true,"href":"https:\/\/eldiariodesanpedro.com.ar\/sitio\/wp-json\/wp\/v2\/comments?post=53222"}],"version-history":[{"count":1,"href":"https:\/\/eldiariodesanpedro.com.ar\/sitio\/wp-json\/wp\/v2\/posts\/53222\/revisions"}],"predecessor-version":[{"id":53225,"href":"https:\/\/eldiariodesanpedro.com.ar\/sitio\/wp-json\/wp\/v2\/posts\/53222\/revisions\/53225"}],"wp:featuredmedia":[{"embeddable":true,"href":"https:\/\/eldiariodesanpedro.com.ar\/sitio\/wp-json\/wp\/v2\/media\/53224"}],"wp:attachment":[{"href":"https:\/\/eldiariodesanpedro.com.ar\/sitio\/wp-json\/wp\/v2\/media?parent=53222"}],"wp:term":[{"taxonomy":"category","embeddable":true,"href":"https:\/\/eldiariodesanpedro.com.ar\/sitio\/wp-json\/wp\/v2\/categories?post=53222"},{"taxonomy":"post_tag","embeddable":true,"href":"https:\/\/eldiariodesanpedro.com.ar\/sitio\/wp-json\/wp\/v2\/tags?post=53222"}],"curies":[{"name":"wp","href":"https:\/\/api.w.org\/{rel}","templated":true}]}}