{"id":53219,"date":"2019-05-22T10:03:20","date_gmt":"2019-05-22T13:03:20","guid":{"rendered":"https:\/\/eldiariodesanpedro.com.ar\/sitio\/?p=53219"},"modified":"2019-05-22T10:03:30","modified_gmt":"2019-05-22T13:03:30","slug":"san-nicolas-abella-firmo-un-importante-acuerdo-para-que-adultos-mayores-accedan-a-nuevas-tecnologias","status":"publish","type":"post","link":"https:\/\/eldiariodesanpedro.com.ar\/sitio\/san-nicolas-abella-firmo-un-importante-acuerdo-para-que-adultos-mayores-accedan-a-nuevas-tecnologias\/","title":{"rendered":"SAN NICOL\u00c1S: Abella firm\u00f3 un importante acuerdo para que adultos mayores accedan a nuevas tecnolog\u00edas"},"content":{"rendered":"<!-- VideographyWP Plugin Message: Automatic video embedding prevented by plugin options. -->\n\n<p>\n\nTras la firma de este convenio, los adultos mayores de la ciudad tendr\u00e1n la posibilidad de acceder a tablets con aplicaciones especialmente dise\u00f1adas para ellos.<\/p>\n\n\n\n<p>El intendente Sebasti\u00e1n Abella encabez\u00f3 la firma del Convenio de la Segunda Edici\u00f3n del Programa +Simple con la presidente del Ente Nacional de Comunicaciones (Enacom), Silvana Giudici.<\/p>\n\n\n\n<p>Dicho acuerdo permitir\u00e1 que los adultos mayores de la ciudad puedan acceder a tablets con aplicaciones especialmente dise\u00f1adas para sus necesidades.<\/p>\n\n\n\n<p>Junto al jefe comunal estuvo presente el secretario T\u00e9cnico, Administrativo y Legal, Abel S\u00e1nchez Negrete.<\/p>\n\n\n\n<p>\u00abEs una muy buena noticia para nosotros, porque queremos achicar la brecha digital y muy pronto muchos de nuestros adultos mayores recibir\u00e1n un dispositivo para acceder a tr\u00e1mites y estar conectados con la tecnolog\u00eda\u00bb, destac\u00f3 el jefe comunal al completar la firma del acuerdo.<\/p>\n\n\n\n<p>El programa +Simple les permite informarse, realizar tr\u00e1mites, cuidar su salud, acceder a informaci\u00f3n sobre actividades programadas para su rango etario, y comunicarse con sus familiares y amigos, entre otras posibilidades.<\/p>\n\n\n\n<p>\u00abTambi\u00e9n se dictar\u00e1n cursos de capacitaci\u00f3n para una mejor comprensi\u00f3n de todas las herramientas a las que pueden acceder a trav\u00e9s de este programa\u00bb, anticip\u00f3 Abella.<\/p>\n\n\n\n<p>Finalmente, mencion\u00f3 que \u00abel Municipio celebra todo tipo de propuestas que promuevan, en los adultos mayores, su participaci\u00f3n y v\u00ednculo con el resto de la sociedad, para que puedan encontrar medios a trav\u00e9s de los cuales se revaloricen sus saberes y habilidades\u00bb.<\/p>\n\n\n\n<p>Por su parte, Giudici coment\u00f3 que \u00abseguimos avanzando en la segunda etapa de este programa de inclusi\u00f3n digital firmando convenios con m\u00e1s municipios del pa\u00eds, para poder llevar estos dispositivos a quienes m\u00e1s lo necesitan, no s\u00f3lo para que nuestros adultos mayores est\u00e9n comunicados sino para que puedan informarse, acceder a servicios y realizar tr\u00e1mites\u00bb.<\/p>\n\n\n\n<p>Fuente: Campana Noticias<\/p>\n","protected":false},"excerpt":{"rendered":"<p>Tras la firma de este convenio, los adultos mayores de la ciudad tendr\u00e1n la posibilidad de acceder a tablets con aplicaciones especialmente dise\u00f1adas para ellos. El intendente Sebasti\u00e1n Abella encabez\u00f3 la firma del Convenio de la Segunda Edici\u00f3n del Programa +Simple con la presidente del Ente Nacional de Comunicaciones (Enacom), Silvana Giudici. Dicho acuerdo permitir\u00e1 [&hellip;]<\/p>\n","protected":false},"author":4,"featured_media":53220,"comment_status":"open","ping_status":"closed","sticky":false,"template":"","format":"standard","meta":{"om_disable_all_campaigns":false,"_jetpack_memberships_contains_paid_content":false,"footnotes":""},"categories":[621],"tags":[],"class_list":["post-53219","post","type-post","status-publish","format-standard","has-post-thumbnail","hentry","category-regionales"],"aioseo_notices":[],"gutentor_comment":0,"jetpack_featured_media_url":"https:\/\/eldiariodesanpedro.com.ar\/sitio\/wp-content\/uploads\/2019\/05\/20190520052144.jpg","jetpack_shortlink":"https:\/\/wp.me\/p6RhLt-dQn","jetpack_sharing_enabled":true,"_links":{"self":[{"href":"https:\/\/eldiariodesanpedro.com.ar\/sitio\/wp-json\/wp\/v2\/posts\/53219","targetHints":{"allow":["GET"]}}],"collection":[{"href":"https:\/\/eldiariodesanpedro.com.ar\/sitio\/wp-json\/wp\/v2\/posts"}],"about":[{"href":"https:\/\/eldiariodesanpedro.com.ar\/sitio\/wp-json\/wp\/v2\/types\/post"}],"author":[{"embeddable":true,"href":"https:\/\/eldiariodesanpedro.com.ar\/sitio\/wp-json\/wp\/v2\/users\/4"}],"replies":[{"embeddable":true,"href":"https:\/\/eldiariodesanpedro.com.ar\/sitio\/wp-json\/wp\/v2\/comments?post=53219"}],"version-history":[{"count":1,"href":"https:\/\/eldiariodesanpedro.com.ar\/sitio\/wp-json\/wp\/v2\/posts\/53219\/revisions"}],"predecessor-version":[{"id":53221,"href":"https:\/\/eldiariodesanpedro.com.ar\/sitio\/wp-json\/wp\/v2\/posts\/53219\/revisions\/53221"}],"wp:featuredmedia":[{"embeddable":true,"href":"https:\/\/eldiariodesanpedro.com.ar\/sitio\/wp-json\/wp\/v2\/media\/53220"}],"wp:attachment":[{"href":"https:\/\/eldiariodesanpedro.com.ar\/sitio\/wp-json\/wp\/v2\/media?parent=53219"}],"wp:term":[{"taxonomy":"category","embeddable":true,"href":"https:\/\/eldiariodesanpedro.com.ar\/sitio\/wp-json\/wp\/v2\/categories?post=53219"},{"taxonomy":"post_tag","embeddable":true,"href":"https:\/\/eldiariodesanpedro.com.ar\/sitio\/wp-json\/wp\/v2\/tags?post=53219"}],"curies":[{"name":"wp","href":"https:\/\/api.w.org\/{rel}","templated":true}]}}