{"id":53215,"date":"2019-05-22T10:00:43","date_gmt":"2019-05-22T13:00:43","guid":{"rendered":"https:\/\/eldiariodesanpedro.com.ar\/sitio\/?p=53215"},"modified":"2019-05-22T10:00:53","modified_gmt":"2019-05-22T13:00:53","slug":"san-nicolas-25-bajas-de-personal-en-la-empresa-motomel","status":"publish","type":"post","link":"https:\/\/eldiariodesanpedro.com.ar\/sitio\/san-nicolas-25-bajas-de-personal-en-la-empresa-motomel\/","title":{"rendered":"SAN NICOL\u00c1S: 25 bajas de personal en la empresa Motomel"},"content":{"rendered":"<!-- VideographyWP Plugin Message: Automatic video embedding prevented by plugin options. -->\n\n<p>El sector automotriz y de motoveh\u00edculos es uno de los m\u00e1s golpeados dentro del panorama dram\u00e1tico que atraviesa la producci\u00f3n industrial del pa\u00eds. El cierre de plantas, en algunos casos, y en otros la reducci\u00f3n de la plantilla de personal dominan un escenario muy deprimido por el bajo nivel de ventas.<\/p>\n\n\n\n<p>En ese contexto, la planta Motomel La Emilia desvincul\u00f3 de su plantel de empleados a 25 operarios. Algunos de ellos fueron por despido, otros por no renovaci\u00f3n de contrato o por retiro voluntario. En cualquier caso, el objetivo madre de la empresa es reducir la producci\u00f3n para no \u201csobrestockearse\u201d.<\/p>\n\n\n\n<p> Las bajas ventas, combinado con la cuesti\u00f3n estacional (en los meses fr\u00edos se producen menos motos), motivan una decisi\u00f3n empresarial que agrava la situaci\u00f3n local en materia de empleo. Cabe recordar que el \u00faltimo informe del Indec da cuenta de que la tasa de desocupaci\u00f3n en San Nicol\u00e1s alcanza al 11,3 % de la poblaci\u00f3n econ\u00f3micamente activa, un registro que pone a esta zona muy cerca de las peores marcas registradas en suelo bonaerense: Mar del Plata (12,8 %) y el Conurbano (11,4 %).<\/p>\n\n\n\n<p>Dos razones<br> La p\u00e9rdida de poder adquisitivo y la falta de financiamiento conveniente han dinamitado el consumo de motos, y ha puesto en jaque a las distintas marcas que operan en el pa\u00eds. Las altas tasas de inter\u00e9s desalientan fuertemente la compra con financiamiento.<\/p>\n\n\n\n<p> Los n\u00fameros son elocuentes: el patentamiento de motos alcanz\u00f3 las 29.930 unidades durante abril, lo que represent\u00f3 una ca\u00edda interanual de 52,2 %, cifra que se moriger\u00f3 levemente en el cierre del primer cuatrimestre con una retracci\u00f3n de 48 %. As\u00ed coincidieron los informes que difundieron la divisi\u00f3n motoveh\u00edculos de la Asociaci\u00f3n de Concesionarias de Automotores (Acara) y la C\u00e1mara de Fabricantes de Motoveh\u00edculos (Cafam).<\/p>\n","protected":false},"excerpt":{"rendered":"<p>El sector automotriz y de motoveh\u00edculos es uno de los m\u00e1s golpeados dentro del panorama dram\u00e1tico que atraviesa la producci\u00f3n industrial del pa\u00eds. El cierre de plantas, en algunos casos, y en otros la reducci\u00f3n de la plantilla de personal dominan un escenario muy deprimido por el bajo nivel de ventas. En ese contexto, la [&hellip;]<\/p>\n","protected":false},"author":4,"featured_media":53216,"comment_status":"open","ping_status":"closed","sticky":false,"template":"","format":"standard","meta":{"om_disable_all_campaigns":false,"_jetpack_memberships_contains_paid_content":false,"footnotes":""},"categories":[621],"tags":[],"class_list":["post-53215","post","type-post","status-publish","format-standard","has-post-thumbnail","hentry","category-regionales"],"aioseo_notices":[],"gutentor_comment":0,"jetpack_featured_media_url":"https:\/\/eldiariodesanpedro.com.ar\/sitio\/wp-content\/uploads\/2019\/05\/0-3.jpg","jetpack_shortlink":"https:\/\/wp.me\/p6RhLt-dQj","jetpack_sharing_enabled":true,"_links":{"self":[{"href":"https:\/\/eldiariodesanpedro.com.ar\/sitio\/wp-json\/wp\/v2\/posts\/53215","targetHints":{"allow":["GET"]}}],"collection":[{"href":"https:\/\/eldiariodesanpedro.com.ar\/sitio\/wp-json\/wp\/v2\/posts"}],"about":[{"href":"https:\/\/eldiariodesanpedro.com.ar\/sitio\/wp-json\/wp\/v2\/types\/post"}],"author":[{"embeddable":true,"href":"https:\/\/eldiariodesanpedro.com.ar\/sitio\/wp-json\/wp\/v2\/users\/4"}],"replies":[{"embeddable":true,"href":"https:\/\/eldiariodesanpedro.com.ar\/sitio\/wp-json\/wp\/v2\/comments?post=53215"}],"version-history":[{"count":1,"href":"https:\/\/eldiariodesanpedro.com.ar\/sitio\/wp-json\/wp\/v2\/posts\/53215\/revisions"}],"predecessor-version":[{"id":53217,"href":"https:\/\/eldiariodesanpedro.com.ar\/sitio\/wp-json\/wp\/v2\/posts\/53215\/revisions\/53217"}],"wp:featuredmedia":[{"embeddable":true,"href":"https:\/\/eldiariodesanpedro.com.ar\/sitio\/wp-json\/wp\/v2\/media\/53216"}],"wp:attachment":[{"href":"https:\/\/eldiariodesanpedro.com.ar\/sitio\/wp-json\/wp\/v2\/media?parent=53215"}],"wp:term":[{"taxonomy":"category","embeddable":true,"href":"https:\/\/eldiariodesanpedro.com.ar\/sitio\/wp-json\/wp\/v2\/categories?post=53215"},{"taxonomy":"post_tag","embeddable":true,"href":"https:\/\/eldiariodesanpedro.com.ar\/sitio\/wp-json\/wp\/v2\/tags?post=53215"}],"curies":[{"name":"wp","href":"https:\/\/api.w.org\/{rel}","templated":true}]}}