{"id":53212,"date":"2019-05-22T09:55:24","date_gmt":"2019-05-22T12:55:24","guid":{"rendered":"https:\/\/eldiariodesanpedro.com.ar\/sitio\/?p=53212"},"modified":"2019-05-22T09:55:30","modified_gmt":"2019-05-22T12:55:30","slug":"robaron-pertenencias-del-interior-de-un-automovil","status":"publish","type":"post","link":"https:\/\/eldiariodesanpedro.com.ar\/sitio\/robaron-pertenencias-del-interior-de-un-automovil\/","title":{"rendered":"Robaron pertenencias del interior de un autom\u00f3vil"},"content":{"rendered":"<!-- VideographyWP Plugin Message: Automatic video embedding prevented by plugin options. -->\n\n<p>El veh\u00edculo se encontraba estacionado en la v\u00eda publica cuando violentaron una puerta y sustrajeron pertenencias.<\/p>\n\n\n\n<p>El hecho sucedi\u00f3 este martes por la noche, sobre calle La Laguna al 1900, un joven de 27 a\u00f1os de edad dejo su auto estacionado en frente de su morada, a las pocas horas constato que delincuentes ignorados le sustrajeron pertenencias tras violentar la puerta del mismo.<\/p>\n\n\n\n<p>Se tomo intervenci\u00f3n de la Fiscalia N\u00ba11 a cargo de la Dr Ramos.<br><\/p>\n","protected":false},"excerpt":{"rendered":"<p>El veh\u00edculo se encontraba estacionado en la v\u00eda publica cuando violentaron una puerta y sustrajeron pertenencias. El hecho sucedi\u00f3 este martes por la noche, sobre calle La Laguna al 1900, un joven de 27 a\u00f1os de edad dejo su auto estacionado en frente de su morada, a las pocas horas constato que delincuentes ignorados le [&hellip;]<\/p>\n","protected":false},"author":4,"featured_media":45949,"comment_status":"open","ping_status":"closed","sticky":false,"template":"","format":"standard","meta":{"om_disable_all_campaigns":false,"_jetpack_memberships_contains_paid_content":false,"footnotes":""},"categories":[2,103],"tags":[],"class_list":["post-53212","post","type-post","status-publish","format-standard","has-post-thumbnail","hentry","category-locales","category-policiales-locales"],"aioseo_notices":[],"gutentor_comment":0,"jetpack_featured_media_url":"https:\/\/eldiariodesanpedro.com.ar\/sitio\/wp-content\/uploads\/2019\/01\/nuevos-patrulleros-policia-02_6.jpg","jetpack_shortlink":"https:\/\/wp.me\/p6RhLt-dQg","jetpack_sharing_enabled":true,"_links":{"self":[{"href":"https:\/\/eldiariodesanpedro.com.ar\/sitio\/wp-json\/wp\/v2\/posts\/53212","targetHints":{"allow":["GET"]}}],"collection":[{"href":"https:\/\/eldiariodesanpedro.com.ar\/sitio\/wp-json\/wp\/v2\/posts"}],"about":[{"href":"https:\/\/eldiariodesanpedro.com.ar\/sitio\/wp-json\/wp\/v2\/types\/post"}],"author":[{"embeddable":true,"href":"https:\/\/eldiariodesanpedro.com.ar\/sitio\/wp-json\/wp\/v2\/users\/4"}],"replies":[{"embeddable":true,"href":"https:\/\/eldiariodesanpedro.com.ar\/sitio\/wp-json\/wp\/v2\/comments?post=53212"}],"version-history":[{"count":1,"href":"https:\/\/eldiariodesanpedro.com.ar\/sitio\/wp-json\/wp\/v2\/posts\/53212\/revisions"}],"predecessor-version":[{"id":53213,"href":"https:\/\/eldiariodesanpedro.com.ar\/sitio\/wp-json\/wp\/v2\/posts\/53212\/revisions\/53213"}],"wp:featuredmedia":[{"embeddable":true,"href":"https:\/\/eldiariodesanpedro.com.ar\/sitio\/wp-json\/wp\/v2\/media\/45949"}],"wp:attachment":[{"href":"https:\/\/eldiariodesanpedro.com.ar\/sitio\/wp-json\/wp\/v2\/media?parent=53212"}],"wp:term":[{"taxonomy":"category","embeddable":true,"href":"https:\/\/eldiariodesanpedro.com.ar\/sitio\/wp-json\/wp\/v2\/categories?post=53212"},{"taxonomy":"post_tag","embeddable":true,"href":"https:\/\/eldiariodesanpedro.com.ar\/sitio\/wp-json\/wp\/v2\/tags?post=53212"}],"curies":[{"name":"wp","href":"https:\/\/api.w.org\/{rel}","templated":true}]}}