{"id":52755,"date":"2019-05-15T19:21:37","date_gmt":"2019-05-15T22:21:37","guid":{"rendered":"https:\/\/eldiariodesanpedro.com.ar\/sitio\/?p=52755"},"modified":"2019-05-15T19:28:24","modified_gmt":"2019-05-15T22:28:24","slug":"repudio-de-la-sociedad-rural-por-la-suspension-del-juicio-a-cfk","status":"publish","type":"post","link":"https:\/\/eldiariodesanpedro.com.ar\/sitio\/repudio-de-la-sociedad-rural-por-la-suspension-del-juicio-a-cfk\/","title":{"rendered":"Repudio de la Sociedad Rural por la suspensi\u00f3n del juicio a CFK"},"content":{"rendered":"<!-- VideographyWP Plugin Message: Automatic video embedding prevented by plugin options. -->\n\n<p>\n\nLa Sociedad Rural de San Pedro expresa su preocupaci\u00f3n ante la decisi\u00f3n de la Corte Suprema de Justicia de la Naci\u00f3n, que suspende las instancias previamente anunciadas, en el Juicio Oral y P\u00fablico a la ex presidenta&nbsp;<strong>Cristina Fern\u00e1ndez de Kirchner,<\/strong>&nbsp;por una de las tantas causas en las que ha sido procesada.&nbsp;&nbsp;<\/p>\n\n\n\n<p>En una reprochable reacci\u00f3n pol\u00edtica, que sigue minando la credibilidad de un poder fundamental para el sistema democr\u00e1tico, el temor a futuras consecuencias y la preocupaci\u00f3n personal de quienes deber\u00edan administrar justicia con equidad, corona otro flagrante caso de\u00a0<strong>IMPUNIDAD ABSOLUTA.<\/strong><\/p>\n\n\n\n<p>Nuestro pa\u00eds tiene un futuro cada vez m\u00e1s sombr\u00edo, con pocas posibilidades de progresar, ante este nivel de impunidad y corrupci\u00f3n. Es evidente que no todos debemos afrontar de la misma forma nuestros compromisos,\u00a0 y que\u00a0<strong>la igualdad ante la Ley, no existe.<\/strong><\/p>\n\n\n\n<p>Es lamentable tambi\u00e9n que, tal vez por el mismo temor y no queriendo ser \u00abmarcados\u00bb para que en el futuro se los coloque en \u201clistas negras\u201d,\u00a0 la mayor\u00eda de las instituciones\u00a0<strong>hayan hecho silencio<\/strong>\u00a0ante semejante desprop\u00f3sito.\u00a0<\/p>\n\n\n\n<p>Cinco bucaneros cre\u00eddos de poderes\u00a0 y en una jaula de cristal, con sueldos ampulosos y m\u00faltiples prebendas, tienen en vilo a un pa\u00eds ansioso de liberarse de un c\u00edrculo vicioso que no se termina.\u00a0<\/p>\n\n\n\n<p>Estas actitudes de piratas nos hacen retroceder 50 a\u00f1os, nos carcomen la dignidad y es una burla muy bien remunerada, contra la ciudadan\u00eda que sostiene a todos los poderes del Estad <\/p>\n","protected":false},"excerpt":{"rendered":"<p>La Sociedad Rural de San Pedro expresa su preocupaci\u00f3n ante la decisi\u00f3n de la Corte Suprema de Justicia de la Naci\u00f3n, que suspende las instancias previamente anunciadas, en el Juicio Oral y P\u00fablico a la ex presidenta&nbsp;Cristina Fern\u00e1ndez de Kirchner,&nbsp;por una de las tantas causas en las que ha sido procesada.&nbsp;&nbsp; En una reprochable reacci\u00f3n [&hellip;]<\/p>\n","protected":false},"author":4,"featured_media":52490,"comment_status":"open","ping_status":"closed","sticky":false,"template":"","format":"standard","meta":{"om_disable_all_campaigns":false,"_jetpack_memberships_contains_paid_content":false,"footnotes":""},"categories":[50,101,2],"tags":[],"class_list":["post-52755","post","type-post","status-publish","format-standard","has-post-thumbnail","hentry","category-destacadas","category-interes-general-locales","category-locales"],"aioseo_notices":[],"gutentor_comment":0,"jetpack_featured_media_url":"https:\/\/eldiariodesanpedro.com.ar\/sitio\/wp-content\/uploads\/2019\/05\/Asamblea-Rural-2019-4.jpeg","jetpack_shortlink":"https:\/\/wp.me\/p6RhLt-dIT","jetpack_sharing_enabled":true,"_links":{"self":[{"href":"https:\/\/eldiariodesanpedro.com.ar\/sitio\/wp-json\/wp\/v2\/posts\/52755","targetHints":{"allow":["GET"]}}],"collection":[{"href":"https:\/\/eldiariodesanpedro.com.ar\/sitio\/wp-json\/wp\/v2\/posts"}],"about":[{"href":"https:\/\/eldiariodesanpedro.com.ar\/sitio\/wp-json\/wp\/v2\/types\/post"}],"author":[{"embeddable":true,"href":"https:\/\/eldiariodesanpedro.com.ar\/sitio\/wp-json\/wp\/v2\/users\/4"}],"replies":[{"embeddable":true,"href":"https:\/\/eldiariodesanpedro.com.ar\/sitio\/wp-json\/wp\/v2\/comments?post=52755"}],"version-history":[{"count":1,"href":"https:\/\/eldiariodesanpedro.com.ar\/sitio\/wp-json\/wp\/v2\/posts\/52755\/revisions"}],"predecessor-version":[{"id":52756,"href":"https:\/\/eldiariodesanpedro.com.ar\/sitio\/wp-json\/wp\/v2\/posts\/52755\/revisions\/52756"}],"wp:featuredmedia":[{"embeddable":true,"href":"https:\/\/eldiariodesanpedro.com.ar\/sitio\/wp-json\/wp\/v2\/media\/52490"}],"wp:attachment":[{"href":"https:\/\/eldiariodesanpedro.com.ar\/sitio\/wp-json\/wp\/v2\/media?parent=52755"}],"wp:term":[{"taxonomy":"category","embeddable":true,"href":"https:\/\/eldiariodesanpedro.com.ar\/sitio\/wp-json\/wp\/v2\/categories?post=52755"},{"taxonomy":"post_tag","embeddable":true,"href":"https:\/\/eldiariodesanpedro.com.ar\/sitio\/wp-json\/wp\/v2\/tags?post=52755"}],"curies":[{"name":"wp","href":"https:\/\/api.w.org\/{rel}","templated":true}]}}