{"id":52753,"date":"2019-05-15T18:56:48","date_gmt":"2019-05-15T21:56:48","guid":{"rendered":"https:\/\/eldiariodesanpedro.com.ar\/sitio\/?p=52753"},"modified":"2019-05-15T18:56:58","modified_gmt":"2019-05-15T21:56:58","slug":"cannabis-medicinal-venimos-convencidos-de-que-esto-lo-tenemos-que-llevar-adelante-dijo-salazar","status":"publish","type":"post","link":"https:\/\/eldiariodesanpedro.com.ar\/sitio\/cannabis-medicinal-venimos-convencidos-de-que-esto-lo-tenemos-que-llevar-adelante-dijo-salazar\/","title":{"rendered":"Cannabis medicinal: \u00abVenimos convencidos de que esto lo tenemos que llevar adelante\u00bb, dijo Salazar"},"content":{"rendered":"<!-- VideographyWP Plugin Message: Automatic video embedding prevented by plugin options. -->\n\n<p>Este mi\u00e9rcoles por la ma\u00f1ana se realiz\u00f3 en el despacho del Intendente, una conferencia de prensa junto al director regional de Inta, Hern\u00e1n Trebino, donde expresaron a los medios de comunicacion locales,  la experiencia en Denver, Estados Unidos, donde recorrieron las instalaciones de<br>la empresa Harmony Extract, donde se encuentra el laboratorio para la producci\u00f3n de aceite de cannabis.<\/p>\n\n\n\n<p>El Jefe Comunal se mostr\u00f3 muy entusiasmado y sorprendido con este proyecto, donde  ratific\u00f3 su intenci\u00f3n de avanzar en la producci\u00f3n de cannabis medicinal \u00abhace m\u00e1s de un a\u00f1o que venimos trabajando en esto, silenciosamente donde ha venido el presidente de la empresa desde Estados Unidos, anteriormente, aqui quien esta a mi lado, el concejal Iv\u00e1n Paz, <br> que el Concejo Deliberante, antes de la sanci\u00f3n 27350, que es la que regula esta actividad,  aprob\u00f3 por unanimidad una resoluci\u00f3n relacionada con el<br> tema del cannabis medicinal, en 2017&#8243;<\/p>\n\n\n\n<p>\u00abHay mucha gente que me pregunta como es el tema de cannabis, nos han llamado a mi o al equipo, gente que tiene un hijo, un sobrino, un abuelo enfermo que esta consumiendo, que esta importando lo de afuera, para mi , para nosotros es un proyecto muy importante que se realice en nuestra ciudad\u00bb<\/p>\n\n\n\n<p>\u00abHemos probado y lo hemos visto en Estados Unidos como mejora la calidad de vida de much\u00edsimas personas, fundamentalmente de los ni\u00f1os y los ancianos, la intenci\u00f3n nuestra es impulsar muy fuertemente esto, darle toda la seriedad y responsabilidad que corresponde, hace mucho que venimos trabajando en esto\u00bb<\/p>\n\n\n\n<p>\u00abEste tema ha dejado de ser tab\u00fa, hoy se ha transformado en una necesidad, el lunes pr\u00f3ximo habr\u00e1 una audiencia con la ministra de Seguridad, Patricia Bullrich, el ministerio de salud, INTA y el INACI en relaci\u00f3n al proyecto, me han llamado tambi\u00e9n de la UBA\u00bb<\/p>\n\n\n\n<p>\u00abEs muy importante que sepan que la empresa ya tom\u00f3 la decisi\u00f3n de venir a invertir en Argentina, y si es en San Pedro mejor\u00bb.<\/p>\n\n\n\n<figure class=\"wp-block-image\"><img decoding=\"async\" width=\"1024\" height=\"498\" data-attachment-id=\"52749\" data-permalink=\"https:\/\/eldiariodesanpedro.com.ar\/sitio\/20190515_112138\/\" data-orig-file=\"https:\/\/eldiariodesanpedro.com.ar\/sitio\/wp-content\/uploads\/2019\/05\/20190515_112138.jpg\" data-orig-size=\"4032,1960\" data-comments-opened=\"1\" data-image-meta=\"{&quot;aperture&quot;:&quot;1.7&quot;,&quot;credit&quot;:&quot;&quot;,&quot;camera&quot;:&quot;SM-N950F&quot;,&quot;caption&quot;:&quot;&quot;,&quot;created_timestamp&quot;:&quot;1557919298&quot;,&quot;copyright&quot;:&quot;&quot;,&quot;focal_length&quot;:&quot;4.3&quot;,&quot;iso&quot;:&quot;200&quot;,&quot;shutter_speed&quot;:&quot;0.02&quot;,&quot;title&quot;:&quot;&quot;,&quot;orientation&quot;:&quot;1&quot;}\" data-image-title=\"20190515_112138\" data-image-description=\"\" data-image-caption=\"\" data-large-file=\"https:\/\/eldiariodesanpedro.com.ar\/sitio\/wp-content\/uploads\/2019\/05\/20190515_112138-1024x498.jpg\" data-src=\"https:\/\/eldiariodesanpedro.com.ar\/sitio\/wp-content\/uploads\/2019\/05\/20190515_112138-1024x498.jpg\" alt=\"\" class=\"wp-image-52749 lazyload\" data-srcset=\"https:\/\/eldiariodesanpedro.com.ar\/sitio\/wp-content\/uploads\/2019\/05\/20190515_112138-1024x498.jpg 1024w, https:\/\/eldiariodesanpedro.com.ar\/sitio\/wp-content\/uploads\/2019\/05\/20190515_112138-300x146.jpg 300w, https:\/\/eldiariodesanpedro.com.ar\/sitio\/wp-content\/uploads\/2019\/05\/20190515_112138-768x373.jpg 768w\" data-sizes=\"(max-width: 1024px) 100vw, 1024px\" src=\"data:image\/svg+xml;base64,PHN2ZyB3aWR0aD0iMSIgaGVpZ2h0PSIxIiB4bWxucz0iaHR0cDovL3d3dy53My5vcmcvMjAwMC9zdmciPjwvc3ZnPg==\" style=\"--smush-placeholder-width: 1024px; --smush-placeholder-aspect-ratio: 1024\/498;\" \/><\/figure>\n\n\n\n<p>Tambi\u00e9n el director de Inta regional, Hern\u00e1n Trebino   agrego a la conferencia \u00abse trata de un laboratorio que est\u00e9 en condiciones de procesar los aceites naturales que produce el cannabis,  lo mas desafiante de esta etapa, por eso la importante alianza con esta empresa que viene trabajando en este tema es el \u00abknow how\u00bb asociado a como hacer la extracci\u00f3n para maximizar el rendimiento de las inflorescencias del cannabis, donde se obtenga el aceite de buena calidad\u00bb<\/p>\n\n\n\n<p>\u00abTambi\u00e9n el equipamiento es importante, nos han asegurado la provisi\u00f3n de un cromat\u00f3grafo, un aparato que es muy costoso as\u00ed como su mantenimiento, queremos asegurar para el que lo necesita un producto de calidad farmac\u00e9utica\u00bb, indic\u00f3.<\/p>\n\n\n\n<figure class=\"wp-block-image\"><img decoding=\"async\" width=\"1024\" height=\"498\" data-attachment-id=\"52751\" data-permalink=\"https:\/\/eldiariodesanpedro.com.ar\/sitio\/20190515_111907\/\" data-orig-file=\"https:\/\/eldiariodesanpedro.com.ar\/sitio\/wp-content\/uploads\/2019\/05\/20190515_111907.jpg\" data-orig-size=\"4032,1960\" data-comments-opened=\"1\" data-image-meta=\"{&quot;aperture&quot;:&quot;1.7&quot;,&quot;credit&quot;:&quot;&quot;,&quot;camera&quot;:&quot;SM-N950F&quot;,&quot;caption&quot;:&quot;&quot;,&quot;created_timestamp&quot;:&quot;1557919147&quot;,&quot;copyright&quot;:&quot;&quot;,&quot;focal_length&quot;:&quot;4.3&quot;,&quot;iso&quot;:&quot;250&quot;,&quot;shutter_speed&quot;:&quot;0.03030303030303&quot;,&quot;title&quot;:&quot;&quot;,&quot;orientation&quot;:&quot;1&quot;}\" data-image-title=\"20190515_111907\" data-image-description=\"\" data-image-caption=\"\" data-large-file=\"https:\/\/eldiariodesanpedro.com.ar\/sitio\/wp-content\/uploads\/2019\/05\/20190515_111907-1024x498.jpg\" data-src=\"https:\/\/eldiariodesanpedro.com.ar\/sitio\/wp-content\/uploads\/2019\/05\/20190515_111907-1024x498.jpg\" alt=\"\" class=\"wp-image-52751 lazyload\" data-srcset=\"https:\/\/eldiariodesanpedro.com.ar\/sitio\/wp-content\/uploads\/2019\/05\/20190515_111907-1024x498.jpg 1024w, https:\/\/eldiariodesanpedro.com.ar\/sitio\/wp-content\/uploads\/2019\/05\/20190515_111907-300x146.jpg 300w, https:\/\/eldiariodesanpedro.com.ar\/sitio\/wp-content\/uploads\/2019\/05\/20190515_111907-768x373.jpg 768w\" data-sizes=\"(max-width: 1024px) 100vw, 1024px\" src=\"data:image\/svg+xml;base64,PHN2ZyB3aWR0aD0iMSIgaGVpZ2h0PSIxIiB4bWxucz0iaHR0cDovL3d3dy53My5vcmcvMjAwMC9zdmciPjwvc3ZnPg==\" style=\"--smush-placeholder-width: 1024px; --smush-placeholder-aspect-ratio: 1024\/498;\" \/><\/figure>\n\n\n\n<p> <br> <\/p>\n","protected":false},"excerpt":{"rendered":"<p>Este mi\u00e9rcoles por la ma\u00f1ana se realiz\u00f3 en el despacho del Intendente, una conferencia de prensa junto al director regional de Inta, Hern\u00e1n Trebino, donde expresaron a los medios de comunicacion locales, la experiencia en Denver, Estados Unidos, donde recorrieron las instalaciones dela empresa Harmony Extract, donde se encuentra el laboratorio para la producci\u00f3n de [&hellip;]<\/p>\n","protected":false},"author":4,"featured_media":52745,"comment_status":"open","ping_status":"closed","sticky":false,"template":"","format":"standard","meta":{"om_disable_all_campaigns":false,"_jetpack_memberships_contains_paid_content":false,"footnotes":""},"categories":[50,101,2],"tags":[],"class_list":["post-52753","post","type-post","status-publish","format-standard","has-post-thumbnail","hentry","category-destacadas","category-interes-general-locales","category-locales"],"aioseo_notices":[],"gutentor_comment":0,"jetpack_featured_media_url":"https:\/\/eldiariodesanpedro.com.ar\/sitio\/wp-content\/uploads\/2019\/05\/20190515_111922-1.jpg","jetpack_shortlink":"https:\/\/wp.me\/p6RhLt-dIR","jetpack_sharing_enabled":true,"_links":{"self":[{"href":"https:\/\/eldiariodesanpedro.com.ar\/sitio\/wp-json\/wp\/v2\/posts\/52753","targetHints":{"allow":["GET"]}}],"collection":[{"href":"https:\/\/eldiariodesanpedro.com.ar\/sitio\/wp-json\/wp\/v2\/posts"}],"about":[{"href":"https:\/\/eldiariodesanpedro.com.ar\/sitio\/wp-json\/wp\/v2\/types\/post"}],"author":[{"embeddable":true,"href":"https:\/\/eldiariodesanpedro.com.ar\/sitio\/wp-json\/wp\/v2\/users\/4"}],"replies":[{"embeddable":true,"href":"https:\/\/eldiariodesanpedro.com.ar\/sitio\/wp-json\/wp\/v2\/comments?post=52753"}],"version-history":[{"count":1,"href":"https:\/\/eldiariodesanpedro.com.ar\/sitio\/wp-json\/wp\/v2\/posts\/52753\/revisions"}],"predecessor-version":[{"id":52754,"href":"https:\/\/eldiariodesanpedro.com.ar\/sitio\/wp-json\/wp\/v2\/posts\/52753\/revisions\/52754"}],"wp:featuredmedia":[{"embeddable":true,"href":"https:\/\/eldiariodesanpedro.com.ar\/sitio\/wp-json\/wp\/v2\/media\/52745"}],"wp:attachment":[{"href":"https:\/\/eldiariodesanpedro.com.ar\/sitio\/wp-json\/wp\/v2\/media?parent=52753"}],"wp:term":[{"taxonomy":"category","embeddable":true,"href":"https:\/\/eldiariodesanpedro.com.ar\/sitio\/wp-json\/wp\/v2\/categories?post=52753"},{"taxonomy":"post_tag","embeddable":true,"href":"https:\/\/eldiariodesanpedro.com.ar\/sitio\/wp-json\/wp\/v2\/tags?post=52753"}],"curies":[{"name":"wp","href":"https:\/\/api.w.org\/{rel}","templated":true}]}}