{"id":52740,"date":"2019-05-15T12:30:01","date_gmt":"2019-05-15T15:30:01","guid":{"rendered":"https:\/\/eldiariodesanpedro.com.ar\/sitio\/?p=52740"},"modified":"2019-05-15T12:30:09","modified_gmt":"2019-05-15T15:30:09","slug":"san-nicolas-motociclista-cruzo-en-rojo-y-choco-a-un-auto-video","status":"publish","type":"post","link":"https:\/\/eldiariodesanpedro.com.ar\/sitio\/san-nicolas-motociclista-cruzo-en-rojo-y-choco-a-un-auto-video\/","title":{"rendered":"SAN NICOL\u00c1S: Motociclista cruz\u00f3 en rojo y choc\u00f3 a un auto (video)"},"content":{"rendered":"<!-- VideographyWP Plugin Message: Automatic video embedding prevented by plugin options. -->\n\n<p>Las c\u00e1maras de la Central de Monitoreo de la Municipalidad captaron el momento en que dos motociclistas cruzaron el sem\u00e1foro en rojo y uno de ellos termin\u00f3 colisionando a un auto que cruzaba en verde.<\/p>\n\n\n\n<p>El siniestro vial ocurri\u00f3 este martes 14 pasadas las 22 horas en inmediaciones de Rucci y Pte. Per\u00f3n.<\/p>\n\n\n\n<p>El motociclista fue asistido por una ambulancia de SAME 107 y trasladado al hospital San Felipe, sin heridas de mayor consecuencia. <\/p>\n\n\n\n<iframe data-src=\"https:\/\/www.facebook.com\/plugins\/video.php?href=https%3A%2F%2Fwww.facebook.com%2FElInformanteSN%2Fvideos%2F459359921499846%2F&#038;show_text=0&#038;width=560\" width=\"560\" height=\"308\" style=\"border:none;overflow:hidden\" scrolling=\"no\" frameborder=\"0\" allowTransparency=\"true\" allowFullScreen=\"true\" src=\"data:image\/svg+xml;base64,PHN2ZyB3aWR0aD0iMSIgaGVpZ2h0PSIxIiB4bWxucz0iaHR0cDovL3d3dy53My5vcmcvMjAwMC9zdmciPjwvc3ZnPg==\" class=\"lazyload\" data-load-mode=\"1\"><\/iframe>\n\n\n\n<p>Fuente: Diario El Informante<\/p>\n","protected":false},"excerpt":{"rendered":"<p>Las c\u00e1maras de la Central de Monitoreo de la Municipalidad captaron el momento en que dos motociclistas cruzaron el sem\u00e1foro en rojo y uno de ellos termin\u00f3 colisionando a un auto que cruzaba en verde. El siniestro vial ocurri\u00f3 este martes 14 pasadas las 22 horas en inmediaciones de Rucci y Pte. Per\u00f3n. El motociclista [&hellip;]<\/p>\n","protected":false},"author":4,"featured_media":52742,"comment_status":"open","ping_status":"closed","sticky":false,"template":"","format":"standard","meta":{"om_disable_all_campaigns":false,"_jetpack_memberships_contains_paid_content":false,"footnotes":""},"categories":[2],"tags":[],"class_list":["post-52740","post","type-post","status-publish","format-standard","has-post-thumbnail","hentry","category-locales"],"aioseo_notices":[],"gutentor_comment":0,"jetpack_featured_media_url":"https:\/\/eldiariodesanpedro.com.ar\/sitio\/wp-content\/uploads\/2019\/05\/san-nicolas-motociclista-cruzo-e.jpg","jetpack_shortlink":"https:\/\/wp.me\/p6RhLt-dIE","jetpack_sharing_enabled":true,"_links":{"self":[{"href":"https:\/\/eldiariodesanpedro.com.ar\/sitio\/wp-json\/wp\/v2\/posts\/52740","targetHints":{"allow":["GET"]}}],"collection":[{"href":"https:\/\/eldiariodesanpedro.com.ar\/sitio\/wp-json\/wp\/v2\/posts"}],"about":[{"href":"https:\/\/eldiariodesanpedro.com.ar\/sitio\/wp-json\/wp\/v2\/types\/post"}],"author":[{"embeddable":true,"href":"https:\/\/eldiariodesanpedro.com.ar\/sitio\/wp-json\/wp\/v2\/users\/4"}],"replies":[{"embeddable":true,"href":"https:\/\/eldiariodesanpedro.com.ar\/sitio\/wp-json\/wp\/v2\/comments?post=52740"}],"version-history":[{"count":1,"href":"https:\/\/eldiariodesanpedro.com.ar\/sitio\/wp-json\/wp\/v2\/posts\/52740\/revisions"}],"predecessor-version":[{"id":52741,"href":"https:\/\/eldiariodesanpedro.com.ar\/sitio\/wp-json\/wp\/v2\/posts\/52740\/revisions\/52741"}],"wp:featuredmedia":[{"embeddable":true,"href":"https:\/\/eldiariodesanpedro.com.ar\/sitio\/wp-json\/wp\/v2\/media\/52742"}],"wp:attachment":[{"href":"https:\/\/eldiariodesanpedro.com.ar\/sitio\/wp-json\/wp\/v2\/media?parent=52740"}],"wp:term":[{"taxonomy":"category","embeddable":true,"href":"https:\/\/eldiariodesanpedro.com.ar\/sitio\/wp-json\/wp\/v2\/categories?post=52740"},{"taxonomy":"post_tag","embeddable":true,"href":"https:\/\/eldiariodesanpedro.com.ar\/sitio\/wp-json\/wp\/v2\/tags?post=52740"}],"curies":[{"name":"wp","href":"https:\/\/api.w.org\/{rel}","templated":true}]}}