{"id":52737,"date":"2019-05-15T12:19:08","date_gmt":"2019-05-15T15:19:08","guid":{"rendered":"https:\/\/eldiariodesanpedro.com.ar\/sitio\/?p=52737"},"modified":"2019-05-15T12:19:20","modified_gmt":"2019-05-15T15:19:20","slug":"campana-advierten-sobre-falsos-hechos-de-intentos-de-secuestro-ocurridos","status":"publish","type":"post","link":"https:\/\/eldiariodesanpedro.com.ar\/sitio\/campana-advierten-sobre-falsos-hechos-de-intentos-de-secuestro-ocurridos\/","title":{"rendered":"CAMPANA: Advierten sobre falsos hechos de intentos de secuestro ocurridos"},"content":{"rendered":"<!-- VideographyWP Plugin Message: Automatic video embedding prevented by plugin options. -->\n\n<p>Desde la Secretar\u00eda de Seguridad del Municipio solicitaron a los vecinos que, en caso de ser v\u00edctimas de alguna situaci\u00f3n as\u00ed, hagan la denuncia.<\/p>\n\n\n\n<p>A partir de un caso ocurrido d\u00edas atr\u00e1s por una confusi\u00f3n en el que un vecino persigui\u00f3 a un joven por error, se intensific\u00f3 una ola de supuestos hechos que trascendieron por redes sociales y ninguno fue denunciado ante la Justicia.<\/p>\n\n\n\n<p>La Secretar\u00eda de Seguridad del Municipio y el Poder Judicial chequearon desde la plataforma de seguridad y las c\u00e1maras del CIMoPU cada hecho intentando establecer m\u00e1s informaci\u00f3n, pero ninguno se pudo ni verificar ni clarificar.<\/p>\n\n\n\n<p>Incluso uno de los casos que una de las presuntas v\u00edctimas denunci\u00f3, ella misma termin\u00f3 reconociendo ante el fiscal que se hab\u00eda tratado de una equivocaci\u00f3n y dej\u00f3 sin efecto la denuncia.\u00a0<\/p>\n\n\n\n<p>Desde la Secretar\u00eda de Seguridad solicitaron a los vecinos que, en caso de suceder alguna situaci\u00f3n extra\u00f1a, realicen la denuncia correspondiente ante la Justicia o Polic\u00eda ya que es indispensable para que se esclarezcan.<\/p>\n\n\n\n<p>Asimismo, recomendaron a todos los vecinos que descarguen en sus celulares la aplicaci\u00f3n gratuita creada por el Municipio Alerta Campana que, con tan solo presionar un bot\u00f3n, pueden dar aviso a la polic\u00eda, bomberos y SAME ante una emergencia o urgencia.<\/p>\n\n\n\n<p>Fuente: Campana Noticias<\/p>\n","protected":false},"excerpt":{"rendered":"<p>Desde la Secretar\u00eda de Seguridad del Municipio solicitaron a los vecinos que, en caso de ser v\u00edctimas de alguna situaci\u00f3n as\u00ed, hagan la denuncia. A partir de un caso ocurrido d\u00edas atr\u00e1s por una confusi\u00f3n en el que un vecino persigui\u00f3 a un joven por error, se intensific\u00f3 una ola de supuestos hechos que trascendieron [&hellip;]<\/p>\n","protected":false},"author":4,"featured_media":52738,"comment_status":"open","ping_status":"closed","sticky":false,"template":"","format":"standard","meta":{"om_disable_all_campaigns":false,"_jetpack_memberships_contains_paid_content":false,"footnotes":""},"categories":[101,2],"tags":[],"class_list":["post-52737","post","type-post","status-publish","format-standard","has-post-thumbnail","hentry","category-interes-general-locales","category-locales"],"aioseo_notices":[],"gutentor_comment":0,"jetpack_featured_media_url":"https:\/\/eldiariodesanpedro.com.ar\/sitio\/wp-content\/uploads\/2019\/05\/20190511073405_1.jpg","jetpack_shortlink":"https:\/\/wp.me\/p6RhLt-dIB","jetpack_sharing_enabled":true,"_links":{"self":[{"href":"https:\/\/eldiariodesanpedro.com.ar\/sitio\/wp-json\/wp\/v2\/posts\/52737","targetHints":{"allow":["GET"]}}],"collection":[{"href":"https:\/\/eldiariodesanpedro.com.ar\/sitio\/wp-json\/wp\/v2\/posts"}],"about":[{"href":"https:\/\/eldiariodesanpedro.com.ar\/sitio\/wp-json\/wp\/v2\/types\/post"}],"author":[{"embeddable":true,"href":"https:\/\/eldiariodesanpedro.com.ar\/sitio\/wp-json\/wp\/v2\/users\/4"}],"replies":[{"embeddable":true,"href":"https:\/\/eldiariodesanpedro.com.ar\/sitio\/wp-json\/wp\/v2\/comments?post=52737"}],"version-history":[{"count":1,"href":"https:\/\/eldiariodesanpedro.com.ar\/sitio\/wp-json\/wp\/v2\/posts\/52737\/revisions"}],"predecessor-version":[{"id":52739,"href":"https:\/\/eldiariodesanpedro.com.ar\/sitio\/wp-json\/wp\/v2\/posts\/52737\/revisions\/52739"}],"wp:featuredmedia":[{"embeddable":true,"href":"https:\/\/eldiariodesanpedro.com.ar\/sitio\/wp-json\/wp\/v2\/media\/52738"}],"wp:attachment":[{"href":"https:\/\/eldiariodesanpedro.com.ar\/sitio\/wp-json\/wp\/v2\/media?parent=52737"}],"wp:term":[{"taxonomy":"category","embeddable":true,"href":"https:\/\/eldiariodesanpedro.com.ar\/sitio\/wp-json\/wp\/v2\/categories?post=52737"},{"taxonomy":"post_tag","embeddable":true,"href":"https:\/\/eldiariodesanpedro.com.ar\/sitio\/wp-json\/wp\/v2\/tags?post=52737"}],"curies":[{"name":"wp","href":"https:\/\/api.w.org\/{rel}","templated":true}]}}