{"id":52734,"date":"2019-05-15T10:38:05","date_gmt":"2019-05-15T13:38:05","guid":{"rendered":"https:\/\/eldiariodesanpedro.com.ar\/sitio\/?p=52734"},"modified":"2019-05-15T10:38:17","modified_gmt":"2019-05-15T13:38:17","slug":"campana-vidal-y-abella-visitaron-la-refineria-de-axion-energy","status":"publish","type":"post","link":"https:\/\/eldiariodesanpedro.com.ar\/sitio\/campana-vidal-y-abella-visitaron-la-refineria-de-axion-energy\/","title":{"rendered":"CAMPANA: Vidal y Abella visitaron la refiner\u00eda de AXION energy"},"content":{"rendered":"<!-- VideographyWP Plugin Message: Automatic video embedding prevented by plugin options. -->\n\n<p>La gobernadora y el intendente fueron recibidos por las m\u00e1ximas autoridades de la empresa. El jefe comunal destac\u00f3 la importancia de la planta y el proyecto de expansi\u00f3n para la ciudad en materia de empleo. <\/p>\n\n\n\n<p>\n\nLa gobernadora de la Provincia de Buenos Aires, Mar\u00eda Eugenia Vidal, y el intendente Sebasti\u00e1n Abella visitaron hoy la planta y el proyecto de expansi\u00f3n de la refiner\u00eda de AXION energy, el mayor proyecto de refinaci\u00f3n en la Argentina de los \u00faltimos 30 a\u00f1os, con una inversi\u00f3n de capital de 1.500 millones de d\u00f3lares.<\/p>\n\n\n\n<p>Vidal, Abella y Fabi\u00e1n Perechodnik, secretario general de la Provincia, fueron recibidos por el ingeniero Alejandro Bulgheroni, el lic. Marcos Bulgheroni y el ingeniero Adri\u00e1n Su\u00e1rez. Tambi\u00e9n participaron de la visita el vicepresidente de Operaciones del Downstream, Federico Garc\u00eda Verdier, la gerente del proyecto de expansi\u00f3n, Ana Mart\u00ed, y el vicepresidente de Asuntos Corporativos, Agust\u00edn Agraz.<\/p>\n\n\n\n<p>Los trabajos de ampliaci\u00f3n en la refiner\u00eda que la compa\u00f1\u00eda tiene en la ciudad permitir\u00e1n incrementar en 60% la producci\u00f3n de combustibles, adem\u00e1s de mejorar a\u00fan m\u00e1s la calidad de la nafta y el gasoil que all\u00ed se elabora, con ultra bajo contenido de azufre, cumpliendo los est\u00e1ndares europeos de calidad, para abastecer a las m\u00e1s de 630 estaciones de servicio que integran la red de AXION energy en la Argentina.<\/p>\n\n\n\n<p>Las obras encaradas generan empleo a m\u00e1s de 250 colaboradores propios y 3000 trabajadores de empresas contratistas.<\/p>\n\n\n\n<p>En este sentido, Abella destac\u00f3 la importancia de la planta y el proyecto de expansi\u00f3n para la ciudad en materia de empleo y crecimiento econ\u00f3mico, y agradeci\u00f3 la invitaci\u00f3n a los directivos de la compa\u00f1\u00eda.<\/p>\n\n\n\n<p>La gobernadora y el Intendente, acompa\u00f1ados por los ejecutivos que los recibieron, realizaron una recorrida por la planta y las \u00e1reas de ampliaci\u00f3n, donde al momento de finalizar las obras se habr\u00e1n instalado m\u00e1s de 200 kil\u00f3metros lineales de tuber\u00edas, 35.000 m3 de hormig\u00f3n, 14.000 toneladas de estructura met\u00e1lica y se habr\u00e1n movido m\u00e1s de 140.000 m3 de tierra.<\/p>\n\n\n\n<p>Un total de aproximadamente 13 millones de horas hombre se habr\u00e1n destinado a ampliar y mejorar la refiner\u00eda de AXION energy en Campana. <\/p>\n\n\n\n<p>Fuente: Campana Noticias<\/p>\n","protected":false},"excerpt":{"rendered":"<p>La gobernadora y el intendente fueron recibidos por las m\u00e1ximas autoridades de la empresa. El jefe comunal destac\u00f3 la importancia de la planta y el proyecto de expansi\u00f3n para la ciudad en materia de empleo. La gobernadora de la Provincia de Buenos Aires, Mar\u00eda Eugenia Vidal, y el intendente Sebasti\u00e1n Abella visitaron hoy la planta [&hellip;]<\/p>\n","protected":false},"author":4,"featured_media":52735,"comment_status":"open","ping_status":"closed","sticky":false,"template":"","format":"standard","meta":{"om_disable_all_campaigns":false,"_jetpack_memberships_contains_paid_content":false,"footnotes":""},"categories":[621],"tags":[],"class_list":["post-52734","post","type-post","status-publish","format-standard","has-post-thumbnail","hentry","category-regionales"],"aioseo_notices":[],"gutentor_comment":0,"jetpack_featured_media_url":"https:\/\/eldiariodesanpedro.com.ar\/sitio\/wp-content\/uploads\/2019\/05\/20190514071157.jpg","jetpack_shortlink":"https:\/\/wp.me\/p6RhLt-dIy","jetpack_sharing_enabled":true,"_links":{"self":[{"href":"https:\/\/eldiariodesanpedro.com.ar\/sitio\/wp-json\/wp\/v2\/posts\/52734","targetHints":{"allow":["GET"]}}],"collection":[{"href":"https:\/\/eldiariodesanpedro.com.ar\/sitio\/wp-json\/wp\/v2\/posts"}],"about":[{"href":"https:\/\/eldiariodesanpedro.com.ar\/sitio\/wp-json\/wp\/v2\/types\/post"}],"author":[{"embeddable":true,"href":"https:\/\/eldiariodesanpedro.com.ar\/sitio\/wp-json\/wp\/v2\/users\/4"}],"replies":[{"embeddable":true,"href":"https:\/\/eldiariodesanpedro.com.ar\/sitio\/wp-json\/wp\/v2\/comments?post=52734"}],"version-history":[{"count":1,"href":"https:\/\/eldiariodesanpedro.com.ar\/sitio\/wp-json\/wp\/v2\/posts\/52734\/revisions"}],"predecessor-version":[{"id":52736,"href":"https:\/\/eldiariodesanpedro.com.ar\/sitio\/wp-json\/wp\/v2\/posts\/52734\/revisions\/52736"}],"wp:featuredmedia":[{"embeddable":true,"href":"https:\/\/eldiariodesanpedro.com.ar\/sitio\/wp-json\/wp\/v2\/media\/52735"}],"wp:attachment":[{"href":"https:\/\/eldiariodesanpedro.com.ar\/sitio\/wp-json\/wp\/v2\/media?parent=52734"}],"wp:term":[{"taxonomy":"category","embeddable":true,"href":"https:\/\/eldiariodesanpedro.com.ar\/sitio\/wp-json\/wp\/v2\/categories?post=52734"},{"taxonomy":"post_tag","embeddable":true,"href":"https:\/\/eldiariodesanpedro.com.ar\/sitio\/wp-json\/wp\/v2\/tags?post=52734"}],"curies":[{"name":"wp","href":"https:\/\/api.w.org\/{rel}","templated":true}]}}