{"id":52721,"date":"2019-05-15T10:23:40","date_gmt":"2019-05-15T13:23:40","guid":{"rendered":"https:\/\/eldiariodesanpedro.com.ar\/sitio\/?p=52721"},"modified":"2019-05-15T10:23:52","modified_gmt":"2019-05-15T13:23:52","slug":"san-nicolas-una-menor-de-13-anos-apunalo-a-otra-chica-de-14-anos","status":"publish","type":"post","link":"https:\/\/eldiariodesanpedro.com.ar\/sitio\/san-nicolas-una-menor-de-13-anos-apunalo-a-otra-chica-de-14-anos\/","title":{"rendered":"SAN NICOL\u00c1S: Una menor de 13 a\u00f1os apu\u00f1al\u00f3 a otra chica de 14 a\u00f1os"},"content":{"rendered":"<!-- VideographyWP Plugin Message: Automatic video embedding prevented by plugin options. -->\n\n<p>En varios informes publicados por nuestro medio venimos dando a conocer el preocupante crecimiento de hechos de violencia que ocurren pr\u00e1cticamente todos los d\u00edas en distintos barrios de la ciudad. No solo la violencia se despliega en episodios delictivos sino tambi\u00e9n en peleas interpersonales, entre vecinos y parejas.<\/p>\n\n\n\n<p>Es tal el grado de violencia que se est\u00e1 viviendo en estos tiempos que hasta los menores son v\u00edctimas y victimarios de la misma.<br>\nUn preocupante y terrible episodio acontecido en zona norte es una triste muestra de una realidad que no se puede ocultar y que deber\u00e1 ser centro de debate para las pr\u00f3ximas elecciones.<br>\nFue en inmediaciones de Carbajo y Otero en la noche del lunes cuando dos ni\u00f1as, una de 13 a\u00f1os y la otra de 14 comenzaron a discutir. En cierto momento la m\u00e1s chica extrajo una navaja y le aplic\u00f3 un puntazo a su rival, dej\u00e1ndola tendida en un charco de sangre y ante la desesperaci\u00f3n de los testigos. R\u00e1pidamente la menor fue trasladada al Hospital San Felipe donde le trataron la herida ubicada en la zona axilar derecha. Por suerte el car\u00e1cter de las lesiones fue leve sin riesgo de vida.<br>\nLa agresora fue aprehendida y se secuestr\u00f3 el arma utilizada por la misma. Intervino la Fiscal\u00eda del Joven N\u00b0 1 a cargo del Dr. Giorgetti.<\/p>\n\n\n\n<p>Violencia de g\u00e9nero<br>\nPersonal policial de la Comisar\u00eda Primera en calle 9 de Julio, procedi\u00f3 a la aprehensi\u00f3n de un sujeto de 44 a\u00f1os, quien momentos antes le propin\u00f3 golpes de pu\u00f1os a su ex pareja de 27 a\u00f1os y al actual novio de la misma de 22 a\u00f1os. Tom\u00f3 intervenci\u00f3n la UFI N\u00b04 San Nicol\u00e1s labr\u00e1ndose actuaciones por lesiones leves.<\/p>\n\n\n\n<p>Amenazas a la ex<br> Asimismo en calle Obligado a la altura del 100, efectivos de la Comisar\u00eda Primera procedieron a la aprehensi\u00f3n de un sujeto de 36 a\u00f1os, quien amenaz\u00f3 de muerte a su ex pareja de 27 a\u00f1os. Se iniciaron actuaciones por amenazas a cargo de la UFI N\u00b04 San Nicol\u00e1s.<\/p>\n\n\n\n<p>Fuente: Diario El Norte<\/p>\n","protected":false},"excerpt":{"rendered":"<p>En varios informes publicados por nuestro medio venimos dando a conocer el preocupante crecimiento de hechos de violencia que ocurren pr\u00e1cticamente todos los d\u00edas en distintos barrios de la ciudad. No solo la violencia se despliega en episodios delictivos sino tambi\u00e9n en peleas interpersonales, entre vecinos y parejas. Es tal el grado de violencia que [&hellip;]<\/p>\n","protected":false},"author":4,"featured_media":52722,"comment_status":"open","ping_status":"closed","sticky":false,"template":"","format":"standard","meta":{"om_disable_all_campaigns":false,"_jetpack_memberships_contains_paid_content":false,"footnotes":""},"categories":[621],"tags":[],"class_list":["post-52721","post","type-post","status-publish","format-standard","has-post-thumbnail","hentry","category-regionales"],"aioseo_notices":[],"gutentor_comment":0,"jetpack_featured_media_url":"https:\/\/eldiariodesanpedro.com.ar\/sitio\/wp-content\/uploads\/2019\/05\/0-2.jpg","jetpack_shortlink":"https:\/\/wp.me\/p6RhLt-dIl","jetpack_sharing_enabled":true,"_links":{"self":[{"href":"https:\/\/eldiariodesanpedro.com.ar\/sitio\/wp-json\/wp\/v2\/posts\/52721","targetHints":{"allow":["GET"]}}],"collection":[{"href":"https:\/\/eldiariodesanpedro.com.ar\/sitio\/wp-json\/wp\/v2\/posts"}],"about":[{"href":"https:\/\/eldiariodesanpedro.com.ar\/sitio\/wp-json\/wp\/v2\/types\/post"}],"author":[{"embeddable":true,"href":"https:\/\/eldiariodesanpedro.com.ar\/sitio\/wp-json\/wp\/v2\/users\/4"}],"replies":[{"embeddable":true,"href":"https:\/\/eldiariodesanpedro.com.ar\/sitio\/wp-json\/wp\/v2\/comments?post=52721"}],"version-history":[{"count":1,"href":"https:\/\/eldiariodesanpedro.com.ar\/sitio\/wp-json\/wp\/v2\/posts\/52721\/revisions"}],"predecessor-version":[{"id":52723,"href":"https:\/\/eldiariodesanpedro.com.ar\/sitio\/wp-json\/wp\/v2\/posts\/52721\/revisions\/52723"}],"wp:featuredmedia":[{"embeddable":true,"href":"https:\/\/eldiariodesanpedro.com.ar\/sitio\/wp-json\/wp\/v2\/media\/52722"}],"wp:attachment":[{"href":"https:\/\/eldiariodesanpedro.com.ar\/sitio\/wp-json\/wp\/v2\/media?parent=52721"}],"wp:term":[{"taxonomy":"category","embeddable":true,"href":"https:\/\/eldiariodesanpedro.com.ar\/sitio\/wp-json\/wp\/v2\/categories?post=52721"},{"taxonomy":"post_tag","embeddable":true,"href":"https:\/\/eldiariodesanpedro.com.ar\/sitio\/wp-json\/wp\/v2\/tags?post=52721"}],"curies":[{"name":"wp","href":"https:\/\/api.w.org\/{rel}","templated":true}]}}