{"id":52718,"date":"2019-05-15T10:12:45","date_gmt":"2019-05-15T13:12:45","guid":{"rendered":"https:\/\/eldiariodesanpedro.com.ar\/sitio\/?p=52718"},"modified":"2019-05-15T10:12:52","modified_gmt":"2019-05-15T13:12:52","slug":"nuevos-titulos-en-la-biblioteca-popular","status":"publish","type":"post","link":"https:\/\/eldiariodesanpedro.com.ar\/sitio\/nuevos-titulos-en-la-biblioteca-popular\/","title":{"rendered":"Nuevos t\u00edtulos en la Biblioteca Popular"},"content":{"rendered":"<!-- VideographyWP Plugin Message: Automatic video embedding prevented by plugin options. -->\n\n<p>La Biblioteca Popular Rafael Obligado inform\u00f3 a trav\u00e9s de un comunicado que en la Feria Internacional del Libro, realizada en Bs As, se compraron 107 t\u00edtulos para incorporar al fondo bibliogr\u00e1fico.\u00a0<\/p>\n\n\n\n<p>Dos de los ejemplares son para reemplazar libros perdidos. Algunos cuentos infantiles fueron comprados seg\u00fan el asesoramiento previo de docentes que demandaban t\u00edtulos sobre la educaci\u00f3n emocional.\u00a0<\/p>\n\n\n\n<p>El resto de los t\u00edtulos surgieron de pedidos de los socios y usuarios, plasmados en el libro de desiderata, y algunos por decisi\u00f3n de las bibliotecarias motivadas por el gusto anual de los usuarios.<\/p>\n\n\n\n<p>Todos est\u00e1n a disposici\u00f3n del p\u00fablico, en el horario de 13 a 19. <\/p>\n","protected":false},"excerpt":{"rendered":"<p>La Biblioteca Popular Rafael Obligado inform\u00f3 a trav\u00e9s de un comunicado que en la Feria Internacional del Libro, realizada en Bs As, se compraron 107 t\u00edtulos para incorporar al fondo bibliogr\u00e1fico.\u00a0 Dos de los ejemplares son para reemplazar libros perdidos. Algunos cuentos infantiles fueron comprados seg\u00fan el asesoramiento previo de docentes que demandaban t\u00edtulos sobre [&hellip;]<\/p>\n","protected":false},"author":4,"featured_media":10256,"comment_status":"open","ping_status":"closed","sticky":false,"template":"","format":"standard","meta":{"om_disable_all_campaigns":false,"_jetpack_memberships_contains_paid_content":false,"footnotes":""},"categories":[101,2],"tags":[],"class_list":["post-52718","post","type-post","status-publish","format-standard","has-post-thumbnail","hentry","category-interes-general-locales","category-locales"],"aioseo_notices":[],"gutentor_comment":3,"jetpack_featured_media_url":"https:\/\/eldiariodesanpedro.com.ar\/sitio\/wp-content\/uploads\/2016\/11\/Biblioteca-Popular-Rafael-Obligado.jpg","jetpack_shortlink":"https:\/\/wp.me\/p6RhLt-dIi","jetpack_sharing_enabled":true,"_links":{"self":[{"href":"https:\/\/eldiariodesanpedro.com.ar\/sitio\/wp-json\/wp\/v2\/posts\/52718","targetHints":{"allow":["GET"]}}],"collection":[{"href":"https:\/\/eldiariodesanpedro.com.ar\/sitio\/wp-json\/wp\/v2\/posts"}],"about":[{"href":"https:\/\/eldiariodesanpedro.com.ar\/sitio\/wp-json\/wp\/v2\/types\/post"}],"author":[{"embeddable":true,"href":"https:\/\/eldiariodesanpedro.com.ar\/sitio\/wp-json\/wp\/v2\/users\/4"}],"replies":[{"embeddable":true,"href":"https:\/\/eldiariodesanpedro.com.ar\/sitio\/wp-json\/wp\/v2\/comments?post=52718"}],"version-history":[{"count":1,"href":"https:\/\/eldiariodesanpedro.com.ar\/sitio\/wp-json\/wp\/v2\/posts\/52718\/revisions"}],"predecessor-version":[{"id":52720,"href":"https:\/\/eldiariodesanpedro.com.ar\/sitio\/wp-json\/wp\/v2\/posts\/52718\/revisions\/52720"}],"wp:featuredmedia":[{"embeddable":true,"href":"https:\/\/eldiariodesanpedro.com.ar\/sitio\/wp-json\/wp\/v2\/media\/10256"}],"wp:attachment":[{"href":"https:\/\/eldiariodesanpedro.com.ar\/sitio\/wp-json\/wp\/v2\/media?parent=52718"}],"wp:term":[{"taxonomy":"category","embeddable":true,"href":"https:\/\/eldiariodesanpedro.com.ar\/sitio\/wp-json\/wp\/v2\/categories?post=52718"},{"taxonomy":"post_tag","embeddable":true,"href":"https:\/\/eldiariodesanpedro.com.ar\/sitio\/wp-json\/wp\/v2\/tags?post=52718"}],"curies":[{"name":"wp","href":"https:\/\/api.w.org\/{rel}","templated":true}]}}