{"id":52714,"date":"2019-05-15T10:07:30","date_gmt":"2019-05-15T13:07:30","guid":{"rendered":"https:\/\/eldiariodesanpedro.com.ar\/sitio\/?p=52714"},"modified":"2019-05-15T10:07:44","modified_gmt":"2019-05-15T13:07:44","slug":"inta-san-pedro-semana-de-la-miel-charlas-en-las-escuelas","status":"publish","type":"post","link":"https:\/\/eldiariodesanpedro.com.ar\/sitio\/inta-san-pedro-semana-de-la-miel-charlas-en-las-escuelas\/","title":{"rendered":"INTA SAN PEDRO: Semana de la miel. Charlas en las escuelas"},"content":{"rendered":"<!-- VideographyWP Plugin Message: Automatic video embedding prevented by plugin options. -->\n\n<p>Entre el 14 y 20 de mayo se realiza en todo el pa\u00eds una semana de difusi\u00f3n de las cualidades de este noble producto. En San Pedro, ayer comenz\u00f3 un ciclo de charlas para chicos. <\/p>\n\n\n\n<p>\n\nProducido por las abejas y consumida por los humanos desde hace miles de a\u00f1os, la miel es un producto lleno de cualidades y Argentina uno de los principales productores del mundo. Esto va de la mano de sus consecuentes productores que hace tiempo llevan adelante un trabajo de educaci\u00f3n y promoci\u00f3n. Las caracter\u00edsticas organol\u00e9pticas, las distintas variedades seg\u00fan la flora donde se produzca, la importancia para el medio ambiente son algunos de los ejes en la tarea.&nbsp;<\/p>\n\n\n\n<p>En San Pedro, ayer comenz\u00f3 un ciclo de charlas para alumnos de escuelas primarias, donde t\u00e9cnicos del Ministerio de Agroindustria de la provincia y del INTA, comparten con los chicos algunas ideas para pensar la miel. Ayer el trabajo fue en la Escuela Agraria de R\u00edo Tala. Hoy mi\u00e9rcoles las Escuelas Primarias 11 y 48 recibir\u00e1n a N\u00e9stor Malacalza, bi\u00f3logo con amplia trayectoria en el tema y Romina Castro, t\u00e9cnica en alimentos del INTA. El jueves las charlas ser\u00e1n en el Jard\u00edn de Infantes de la \u00abescuela Normal\u00bb y Sor Teresa de Calcuta. El ciclo finalizar\u00e1 el pr\u00f3ximo lunes con el Colegio San Francisco de As\u00eds y la Escuela 1.\n\n<\/p>\n","protected":false},"excerpt":{"rendered":"<p>Entre el 14 y 20 de mayo se realiza en todo el pa\u00eds una semana de difusi\u00f3n de las cualidades de este noble producto. En San Pedro, ayer comenz\u00f3 un ciclo de charlas para chicos. Producido por las abejas y consumida por los humanos desde hace miles de a\u00f1os, la miel es un producto lleno [&hellip;]<\/p>\n","protected":false},"author":4,"featured_media":52716,"comment_status":"open","ping_status":"closed","sticky":false,"template":"","format":"standard","meta":{"om_disable_all_campaigns":false,"_jetpack_memberships_contains_paid_content":false,"footnotes":""},"categories":[101,2],"tags":[],"class_list":["post-52714","post","type-post","status-publish","format-standard","has-post-thumbnail","hentry","category-interes-general-locales","category-locales"],"aioseo_notices":[],"gutentor_comment":0,"jetpack_featured_media_url":"https:\/\/eldiariodesanpedro.com.ar\/sitio\/wp-content\/uploads\/2019\/05\/unnamed-2.jpg","jetpack_shortlink":"https:\/\/wp.me\/p6RhLt-dIe","jetpack_sharing_enabled":true,"_links":{"self":[{"href":"https:\/\/eldiariodesanpedro.com.ar\/sitio\/wp-json\/wp\/v2\/posts\/52714","targetHints":{"allow":["GET"]}}],"collection":[{"href":"https:\/\/eldiariodesanpedro.com.ar\/sitio\/wp-json\/wp\/v2\/posts"}],"about":[{"href":"https:\/\/eldiariodesanpedro.com.ar\/sitio\/wp-json\/wp\/v2\/types\/post"}],"author":[{"embeddable":true,"href":"https:\/\/eldiariodesanpedro.com.ar\/sitio\/wp-json\/wp\/v2\/users\/4"}],"replies":[{"embeddable":true,"href":"https:\/\/eldiariodesanpedro.com.ar\/sitio\/wp-json\/wp\/v2\/comments?post=52714"}],"version-history":[{"count":1,"href":"https:\/\/eldiariodesanpedro.com.ar\/sitio\/wp-json\/wp\/v2\/posts\/52714\/revisions"}],"predecessor-version":[{"id":52717,"href":"https:\/\/eldiariodesanpedro.com.ar\/sitio\/wp-json\/wp\/v2\/posts\/52714\/revisions\/52717"}],"wp:featuredmedia":[{"embeddable":true,"href":"https:\/\/eldiariodesanpedro.com.ar\/sitio\/wp-json\/wp\/v2\/media\/52716"}],"wp:attachment":[{"href":"https:\/\/eldiariodesanpedro.com.ar\/sitio\/wp-json\/wp\/v2\/media?parent=52714"}],"wp:term":[{"taxonomy":"category","embeddable":true,"href":"https:\/\/eldiariodesanpedro.com.ar\/sitio\/wp-json\/wp\/v2\/categories?post=52714"},{"taxonomy":"post_tag","embeddable":true,"href":"https:\/\/eldiariodesanpedro.com.ar\/sitio\/wp-json\/wp\/v2\/tags?post=52714"}],"curies":[{"name":"wp","href":"https:\/\/api.w.org\/{rel}","templated":true}]}}