{"id":52645,"date":"2019-05-14T09:57:46","date_gmt":"2019-05-14T12:57:46","guid":{"rendered":"https:\/\/eldiariodesanpedro.com.ar\/sitio\/?p=52645"},"modified":"2019-05-14T09:57:57","modified_gmt":"2019-05-14T12:57:57","slug":"baradero-vecinos-convocan-a-darle-el-ultimo-adios-a-la-beba-asesinada","status":"publish","type":"post","link":"https:\/\/eldiariodesanpedro.com.ar\/sitio\/baradero-vecinos-convocan-a-darle-el-ultimo-adios-a-la-beba-asesinada\/","title":{"rendered":"BARADERO: Vecinos convocan a darle el \u00faltimo adi\u00f3s a la beba asesinada"},"content":{"rendered":"<!-- VideographyWP Plugin Message: Automatic video embedding prevented by plugin options. -->\n\n<p>Hoy a las 16:00 Hs. en el cementerio de nuestra ciudad, se dar\u00e1 el \u00faltimo adi\u00f3s a la beba reci\u00e9n nacida que fue encontrada muerta en un descampado de nuestra ciudad.<\/p>\n\n\n\n<p>La peque\u00f1a fue golpeada hasta morir a pocas horas de haber nacido seg\u00fan el resultado de la autopsia.<\/p>\n\n\n\n<p>El sacerdote dar\u00e1 un responso y una oraci\u00f3n por el alma de la peque\u00f1a, pero la convocatoria esta abierta m\u00e1s all\u00e1 de la creencia religiosa de cada uno, para que esto tambi\u00e9n sirva como pedido de justicia.<\/p>\n\n\n\n<p>FUENTE: BARADERO TE INFORMA<\/p>\n","protected":false},"excerpt":{"rendered":"<p>Hoy a las 16:00 Hs. en el cementerio de nuestra ciudad, se dar\u00e1 el \u00faltimo adi\u00f3s a la beba reci\u00e9n nacida que fue encontrada muerta en un descampado de nuestra ciudad. La peque\u00f1a fue golpeada hasta morir a pocas horas de haber nacido seg\u00fan el resultado de la autopsia. El sacerdote dar\u00e1 un responso y [&hellip;]<\/p>\n","protected":false},"author":4,"featured_media":52646,"comment_status":"open","ping_status":"closed","sticky":false,"template":"","format":"standard","meta":{"om_disable_all_campaigns":false,"_jetpack_memberships_contains_paid_content":false,"footnotes":""},"categories":[621],"tags":[],"class_list":["post-52645","post","type-post","status-publish","format-standard","has-post-thumbnail","hentry","category-regionales"],"aioseo_notices":[],"gutentor_comment":0,"jetpack_featured_media_url":"https:\/\/eldiariodesanpedro.com.ar\/sitio\/wp-content\/uploads\/2019\/05\/IMG_7269-Copy.jpg","jetpack_shortlink":"https:\/\/wp.me\/p6RhLt-dH7","jetpack_sharing_enabled":true,"_links":{"self":[{"href":"https:\/\/eldiariodesanpedro.com.ar\/sitio\/wp-json\/wp\/v2\/posts\/52645","targetHints":{"allow":["GET"]}}],"collection":[{"href":"https:\/\/eldiariodesanpedro.com.ar\/sitio\/wp-json\/wp\/v2\/posts"}],"about":[{"href":"https:\/\/eldiariodesanpedro.com.ar\/sitio\/wp-json\/wp\/v2\/types\/post"}],"author":[{"embeddable":true,"href":"https:\/\/eldiariodesanpedro.com.ar\/sitio\/wp-json\/wp\/v2\/users\/4"}],"replies":[{"embeddable":true,"href":"https:\/\/eldiariodesanpedro.com.ar\/sitio\/wp-json\/wp\/v2\/comments?post=52645"}],"version-history":[{"count":1,"href":"https:\/\/eldiariodesanpedro.com.ar\/sitio\/wp-json\/wp\/v2\/posts\/52645\/revisions"}],"predecessor-version":[{"id":52647,"href":"https:\/\/eldiariodesanpedro.com.ar\/sitio\/wp-json\/wp\/v2\/posts\/52645\/revisions\/52647"}],"wp:featuredmedia":[{"embeddable":true,"href":"https:\/\/eldiariodesanpedro.com.ar\/sitio\/wp-json\/wp\/v2\/media\/52646"}],"wp:attachment":[{"href":"https:\/\/eldiariodesanpedro.com.ar\/sitio\/wp-json\/wp\/v2\/media?parent=52645"}],"wp:term":[{"taxonomy":"category","embeddable":true,"href":"https:\/\/eldiariodesanpedro.com.ar\/sitio\/wp-json\/wp\/v2\/categories?post=52645"},{"taxonomy":"post_tag","embeddable":true,"href":"https:\/\/eldiariodesanpedro.com.ar\/sitio\/wp-json\/wp\/v2\/tags?post=52645"}],"curies":[{"name":"wp","href":"https:\/\/api.w.org\/{rel}","templated":true}]}}