{"id":52642,"date":"2019-05-14T09:30:37","date_gmt":"2019-05-14T12:30:37","guid":{"rendered":"https:\/\/eldiariodesanpedro.com.ar\/sitio\/?p=52642"},"modified":"2019-05-14T09:30:48","modified_gmt":"2019-05-14T12:30:48","slug":"confirman-el-cronograma-de-agro-2023","status":"publish","type":"post","link":"https:\/\/eldiariodesanpedro.com.ar\/sitio\/confirman-el-cronograma-de-agro-2023\/","title":{"rendered":"Confirman el cronograma de Agro 2023"},"content":{"rendered":"<!-- VideographyWP Plugin Message: Automatic video embedding prevented by plugin options. -->\n\n<p>Organizada por el Ministerio de Agroindustria de la provincia de Buenos Aires.\u00a0 San Pedro sera sede este mi\u00e9rcoles del Primer Encuentro Regionales AGRO 2023.<\/p>\n\n\n\n<p>La actividad comenzar\u00e1 a las 13 hs, en el sal\u00f3n de eventos de \u00abLa Santina\u00bb, ubicado en el kil\u00f3metro 151 de la Ruta 9.<\/p>\n\n\n\n<p>Cronograma:<\/p>\n\n\n\n<ul class=\"wp-block-list\"><li>13:15 horas se proyectara un v\u00eddeo de salutaci\u00f3n de la Gobernadora Maria Eugenia Vidal<\/li><li>13:30 horas se proyectara video de Agroindustria de la Provincia de Buenos Aires<\/li><li> 13:40 horas presentar\u00e1n hitos de la Agroindustria, con la palabra de los Subsecretarios de Agricultura, Ganader\u00eda y Pesca, Miguel Tezanos Pinto, y de Calidad Agroalimentaria, Sergio Robert.<\/li><li>14:10 horas \u00a0Iv\u00e1n Petrella presentar\u00e1 \u00abArgentina 2030\u00bb<\/li><li>14:20 horas   cierre a cargo del Intendente Cecilio Salazar y el Ministro Leonardo Sarquis.\u00a0<br> <\/li><\/ul>\n","protected":false},"excerpt":{"rendered":"<p>Organizada por el Ministerio de Agroindustria de la provincia de Buenos Aires.\u00a0 San Pedro sera sede este mi\u00e9rcoles del Primer Encuentro Regionales AGRO 2023. La actividad comenzar\u00e1 a las 13 hs, en el sal\u00f3n de eventos de \u00abLa Santina\u00bb, ubicado en el kil\u00f3metro 151 de la Ruta 9. Cronograma: 13:15 horas se proyectara un v\u00eddeo [&hellip;]<\/p>\n","protected":false},"author":4,"featured_media":52643,"comment_status":"open","ping_status":"closed","sticky":false,"template":"","format":"standard","meta":{"om_disable_all_campaigns":false,"_jetpack_memberships_contains_paid_content":false,"footnotes":""},"categories":[50,101,2],"tags":[],"class_list":["post-52642","post","type-post","status-publish","format-standard","has-post-thumbnail","hentry","category-destacadas","category-interes-general-locales","category-locales"],"aioseo_notices":[],"gutentor_comment":0,"jetpack_featured_media_url":"https:\/\/eldiariodesanpedro.com.ar\/sitio\/wp-content\/uploads\/2019\/05\/Agroindustria-696x331.jpg","jetpack_shortlink":"https:\/\/wp.me\/p6RhLt-dH4","jetpack_sharing_enabled":true,"_links":{"self":[{"href":"https:\/\/eldiariodesanpedro.com.ar\/sitio\/wp-json\/wp\/v2\/posts\/52642","targetHints":{"allow":["GET"]}}],"collection":[{"href":"https:\/\/eldiariodesanpedro.com.ar\/sitio\/wp-json\/wp\/v2\/posts"}],"about":[{"href":"https:\/\/eldiariodesanpedro.com.ar\/sitio\/wp-json\/wp\/v2\/types\/post"}],"author":[{"embeddable":true,"href":"https:\/\/eldiariodesanpedro.com.ar\/sitio\/wp-json\/wp\/v2\/users\/4"}],"replies":[{"embeddable":true,"href":"https:\/\/eldiariodesanpedro.com.ar\/sitio\/wp-json\/wp\/v2\/comments?post=52642"}],"version-history":[{"count":1,"href":"https:\/\/eldiariodesanpedro.com.ar\/sitio\/wp-json\/wp\/v2\/posts\/52642\/revisions"}],"predecessor-version":[{"id":52644,"href":"https:\/\/eldiariodesanpedro.com.ar\/sitio\/wp-json\/wp\/v2\/posts\/52642\/revisions\/52644"}],"wp:featuredmedia":[{"embeddable":true,"href":"https:\/\/eldiariodesanpedro.com.ar\/sitio\/wp-json\/wp\/v2\/media\/52643"}],"wp:attachment":[{"href":"https:\/\/eldiariodesanpedro.com.ar\/sitio\/wp-json\/wp\/v2\/media?parent=52642"}],"wp:term":[{"taxonomy":"category","embeddable":true,"href":"https:\/\/eldiariodesanpedro.com.ar\/sitio\/wp-json\/wp\/v2\/categories?post=52642"},{"taxonomy":"post_tag","embeddable":true,"href":"https:\/\/eldiariodesanpedro.com.ar\/sitio\/wp-json\/wp\/v2\/tags?post=52642"}],"curies":[{"name":"wp","href":"https:\/\/api.w.org\/{rel}","templated":true}]}}